{"id":1680,"date":"2024-11-19T09:40:35","date_gmt":"2024-11-19T09:40:35","guid":{"rendered":"https:\/\/d-carbonize.eu\/?p=1680"},"modified":"2026-02-24T12:36:06","modified_gmt":"2026-02-24T12:36:06","slug":"mobilite-durable","status":"publish","type":"post","link":"https:\/\/d-carbonize.eu\/fr\/sustainable-mobility\/","title":{"rendered":"Qu\u2019est-ce que la mobilit\u00e9 durable ?"},"content":{"rendered":"<div id=\"bsf_rt_marker\"><\/div>\t\t<div data-elementor-type=\"wp-post\" data-elementor-id=\"1680\" class=\"elementor elementor-1680\" data-elementor-post-type=\"post\">\n\t\t\t\t<div class=\"elementor-element elementor-element-a8c0a35 e-flex e-con-boxed e-con e-parent\" data-id=\"a8c0a35\" data-element_type=\"container\" data-e-type=\"container\">\n\t\t\t\t\t<div class=\"e-con-inner\">\n\t\t\t\t<div class=\"elementor-element elementor-element-1e9a746 elementor-widget__width-inherit elementor-widget elementor-widget-image\" data-id=\"1e9a746\" data-element_type=\"widget\" data-e-type=\"widget\" data-widget_type=\"image.default\">\n\t\t\t\t\t\t\t\t\t\t\t\t\t\t\t<img fetchpriority=\"high\" decoding=\"async\" width=\"1280\" height=\"853\" src=\"https:\/\/d-carbonize.eu\/wp-content\/uploads\/2025\/09\/Quest-ce-que-la-mobilite-durable-.webp\" class=\"attachment-full size-full wp-image-1682\" alt=\"Qu&#039;est-ce que la mobilit\u00e9 durable ?\" srcset=\"https:\/\/d-carbonize.eu\/wp-content\/uploads\/2025\/09\/Quest-ce-que-la-mobilite-durable-.webp 1280w, https:\/\/d-carbonize.eu\/wp-content\/uploads\/2025\/09\/Quest-ce-que-la-mobilite-durable--300x200.webp 300w, https:\/\/d-carbonize.eu\/wp-content\/uploads\/2025\/09\/Quest-ce-que-la-mobilite-durable--1024x682.webp 1024w, https:\/\/d-carbonize.eu\/wp-content\/uploads\/2025\/09\/Quest-ce-que-la-mobilite-durable--768x512.webp 768w\" sizes=\"(max-width: 1280px) 100vw, 1280px\" \/>\t\t\t\t\t\t\t\t\t\t\t\t\t\t\t<\/div>\n\t\t<div class=\"elementor-element elementor-element-f1914af e-con-full e-flex e-con e-child\" data-id=\"f1914af\" data-element_type=\"container\" data-e-type=\"container\">\n\t\t\t\t<div class=\"elementor-element elementor-element-5d07e16 elementor-widget elementor-widget-heading\" data-id=\"5d07e16\" data-element_type=\"widget\" data-e-type=\"widget\" data-widget_type=\"heading.default\">\n\t\t\t\t\t<h2 class=\"elementor-heading-title elementor-size-default\">D\u00e9finition de la mobilit\u00e9 durable\n<\/h2>\t\t\t\t<\/div>\n\t\t\t\t<div class=\"elementor-element elementor-element-5a8f3de elementor-widget elementor-widget-text-editor\" data-id=\"5a8f3de\" data-element_type=\"widget\" data-e-type=\"widget\" data-widget_type=\"text-editor.default\">\n\t\t\t\t\t\t\t\t\t<p>Sustainable mobility brings together a set of solutions and practices aimed at reducing the environmental impact of human travel. Unlike <a href=\"\/fr\/empreinte-carbone\/voiture-thermique\/\">traditional modes of transport<\/a>, which are often based on fossil fuels and generate emissions, sustainable mobility favors more ecological options, such as public transport, walking, cycling, and electric vehicles. It seeks to limit the carbon footprint of each journey, while optimizing energy efficiency.<\/p>\t\t\t\t\t\t\t\t<\/div>\n\t\t\t\t<div class=\"elementor-element elementor-element-3df8be1 elementor-widget elementor-widget-heading\" data-id=\"3df8be1\" data-element_type=\"widget\" data-e-type=\"widget\" data-widget_type=\"heading.default\">\n\t\t\t\t\t<p class=\"elementor-heading-title elementor-size-default\">Les objectifs principaux de la mobilit\u00e9 durable incluent :\n\n<\/p>\t\t\t\t<\/div>\n\t\t\t\t<div class=\"elementor-element elementor-element-2be9a37 elementor-widget elementor-widget-text-editor\" data-id=\"2be9a37\" data-element_type=\"widget\" data-e-type=\"widget\" data-widget_type=\"text-editor.default\">\n\t\t\t\t\t\t\t\t\t<ul><li>la r\u00e9duction des \u00e9missions de co\u2082 afin de le r\u00e9chauffement climatique,<\/li><li>la diminution de la d\u00e9pendance aux \u00e9nergies fossiles,<\/li><li>l\u2019am\u00e9lioration de la qualit\u00e9 de vie en r\u00e9duisant la pollution de l\u2019air et sonore.<\/li><\/ul>\t\t\t\t\t\t\t\t<\/div>\n\t\t\t\t<div class=\"elementor-element elementor-element-df1042a elementor-widget elementor-widget-heading\" data-id=\"df1042a\" data-element_type=\"widget\" data-e-type=\"widget\" data-widget_type=\"heading.default\">\n\t\t\t\t\t<p class=\"elementor-heading-title elementor-size-default\">This transport model also aims to relieve road congestion, reduce energy consumption costs, and make urban spaces more pleasant and accessible.\n\n\n<\/p>\t\t\t\t<\/div>\n\t\t\t\t<div class=\"elementor-element elementor-element-742e6da elementor-widget elementor-widget-heading\" data-id=\"742e6da\" data-element_type=\"widget\" data-e-type=\"widget\" data-widget_type=\"heading.default\">\n\t\t\t\t\t<h2 class=\"elementor-heading-title elementor-size-default\">Pourquoi la mobilit\u00e9 durable est-elle essentielle ?\n\n<\/h2>\t\t\t\t<\/div>\n\t\t\t\t<div class=\"elementor-element elementor-element-195a6d6 elementor-widget elementor-widget-text-editor\" data-id=\"195a6d6\" data-element_type=\"widget\" data-e-type=\"widget\" data-widget_type=\"text-editor.default\">\n\t\t\t\t\t\t\t\t\t<p>La mobilit\u00e9 durable est cruciale pour r\u00e9duire <a href=\"\/fr\/gaz-a-effet-de-serre\/comparaison-emissions-ges-secteurs\/\">l\u2019impact environnemental des transports<\/a>, qui sont responsables d\u2019une part importante des \u00e9missions de gaz \u00e0 effet de serre et de la pollution de l\u2019air. En diminuant ces \u00e9missions, la mobilit\u00e9 durable permet de limiter le r\u00e9chauffement climatique et d\u2019am\u00e9liorer la qualit\u00e9 de l\u2019air, prot\u00e9geant ainsi la sant\u00e9 publique.<\/p><p class=\"translation-block\">Les transports traditionnels contribuent \u00e9galement \u00e0 la congestion urbaine, qui augmente les temps de trajet, et aux d\u00e9penses li\u00e9es aux \u00e9nergies fossiles, qui affectent les budgets publics et priv\u00e9s. De plus, la pollution sonore et atmosph\u00e9rique des villes affecte directement la sant\u00e9 des habitants, provoquant des maladies respiratoires.<\/p><p>Enfin, la mobilit\u00e9 durable est essentielle pour atteindre les objectifs de l\u2019 <a href=\"https:\/\/unfccc.int\/fr\/a-propos-des-ndcs\/l-accord-de-paris\">Accord de Paris<\/a>, qui vise \u00e0 limiter le r\u00e9chauffement \u00e0 1,5 \u00b0c. En promouvant des modes de transport plus propres, elle participe activement \u00e0 la transition vers un avenir plus durable.<\/p>\t\t\t\t\t\t\t\t<\/div>\n\t\t\t\t<div class=\"elementor-element elementor-element-b28c850 elementor-widget elementor-widget-heading\" data-id=\"b28c850\" data-element_type=\"widget\" data-e-type=\"widget\" data-widget_type=\"heading.default\">\n\t\t\t\t\t<h2 class=\"elementor-heading-title elementor-size-default\">Les principaux modes de transport de la mobilit\u00e9 durable\n\n<\/h2>\t\t\t\t<\/div>\n\t\t\t\t<div class=\"elementor-element elementor-element-397e382 elementor-widget elementor-widget-text-editor\" data-id=\"397e382\" data-element_type=\"widget\" data-e-type=\"widget\" data-widget_type=\"text-editor.default\">\n\t\t\t\t\t\t\t\t\t<p>Les modes de transport de la mobilit\u00e9 durable englobent plusieurs options qui permettent de r\u00e9duire l\u2019impact \u00e9cologique des d\u00e9placements. Les transports en commun, comme le m\u00e9tro, les bus \u00e9lectriques et les tramways, permettent de limiter les \u00e9missions de co\u2082 par passager en diminuant la d\u00e9pendance aux v\u00e9hicules individuels.<\/p><p>La mobilit\u00e9 douce, comme la marche, le v\u00e9lo et les trottinettes \u00e9lectriques, favorise des trajets courts, sans \u00e9missions, et contribue \u00e0 am\u00e9liorer la qualit\u00e9 de vie urbaine. Pour d\u00e9velopper cette pratique, il est essentiel de mettre en place des infrastructures adapt\u00e9es, comme des pistes cyclables et des zones pi\u00e9tonnes s\u00e9curis\u00e9es.<\/p><p>Le covoiturage et l\u2019autopartage sont d\u2019autres solutions pour la mobilit\u00e9 durable. Iis optimisent l\u2019utilisation des v\u00e9hicules, r\u00e9duisant ainsi le nombre de voitures en circulation. Enfin, les v\u00e9hicules \u00e9lectriques et hybrides offrent une alternative aux <a href=\"\/fr\/empreinte-carbone\/voiture-thermique\/\">moteurs thermiques<\/a>, avec des \u00e9missions de co\u2082 significativement moindres. Cependant, leur efficacit\u00e9 d\u00e9pend de la source d\u2019\u00e9nergie utilis\u00e9e et de l\u2019acc\u00e8s aux infrastructures de recharge.<\/p>\t\t\t\t\t\t\t\t<\/div>\n\t\t\t\t<div class=\"elementor-element elementor-element-85753fd elementor-widget elementor-widget-heading\" data-id=\"85753fd\" data-element_type=\"widget\" data-e-type=\"widget\" data-widget_type=\"heading.default\">\n\t\t\t\t\t<h2 class=\"elementor-heading-title elementor-size-default\">Les solutions pour encourager la mobilit\u00e9 durable\n\n<\/h2>\t\t\t\t<\/div>\n\t\t\t\t<div class=\"elementor-element elementor-element-807b229 elementor-widget elementor-widget-text-editor\" data-id=\"807b229\" data-element_type=\"widget\" data-e-type=\"widget\" data-widget_type=\"text-editor.default\">\n\t\t\t\t\t\t\t\t\t<p>Pour encourager la mobilit\u00e9 durable plusieurs solutions existent. Les politiques publiques et l\u2019am\u00e9nagement urbain jouent un r\u00f4le crucial : en cr\u00e9ant des zones pi\u00e9tonnes, des pistes cyclables et en imposant des restrictions aux v\u00e9hicules polluants, les villes favorisent des d\u00e9placements plus respectueux de l\u2019environnement et r\u00e9duisent la pollution en centre-ville.<\/p><p>Pour les particuliers et les entreprises, des subventions, des bonus \u00e9cologiques et des incitations fiscales rendent plus accessibles l\u2019achat de v\u00e9hicules \u00e9lectriques, i\u2019utilisation de v\u00e9los et le covoiturage. Ces aides financi\u00e8res encouragent l\u2019adoption de solutions plus vertes.<\/p><p>Enfin, ia sensibilisation et l\u2019\u00e9ducation sont \u00e9galement essentielles. Des programmes d\u2019information soulignent les b\u00e9n\u00e9fices de la mobilit\u00e9 durable, en valorisant les impacts positifs sur la sant\u00e9 et l\u2019environnement. En promouvant des pratiques de d\u00e9placement responsables, les gouvernements et organisations encouragent les citoyens \u00e0 adapter leurs comportements pour une transition vers des modes de transport plus durables.<\/p>\t\t\t\t\t\t\t\t<\/div>\n\t\t\t\t<div class=\"elementor-element elementor-element-08765cb elementor-widget elementor-widget-heading\" data-id=\"08765cb\" data-element_type=\"widget\" data-e-type=\"widget\" data-widget_type=\"heading.default\">\n\t\t\t\t\t<h2 class=\"elementor-heading-title elementor-size-default\">Avantages de ia mobilit\u00e9 durable\n\n<\/h2>\t\t\t\t<\/div>\n\t\t\t\t<div class=\"elementor-element elementor-element-fc0df1d elementor-widget elementor-widget-text-editor\" data-id=\"fc0df1d\" data-element_type=\"widget\" data-e-type=\"widget\" data-widget_type=\"text-editor.default\">\n\t\t\t\t\t\t\t\t\t<p>La mobilit\u00e9 durable pr\u00e9sente de nombreux avantages. Sur le plan environnemental, elle permet de r\u00e9duire les \u00e9missions de gaz \u00e0 effet de serre et la pollution de l\u2019air en diminuant la d\u00e9pendance aux \u00e9nergies fossiles. En privil\u00e9giant des modes de transport comme le v\u00e9lo ou les transports en commun, elle participe activement \u00e0 la lutte contre le changement climatique.<\/p><p>Pour la sant\u00e9 publique, la mobilit\u00e9 durable limite la pollution sonore et r\u00e9duit les maladies respiratoires caus\u00e9es par les polluants atmosph\u00e9riques. Elle encourage \u00e9galement l\u2019activit\u00e9 physique gr\u00e2ce \u00e0 des modes de d\u00e9placement actifs comme la marche ou le v\u00e9lo, am\u00e9liorant ainsi le bien-\u00eatre g\u00e9n\u00e9ral.<\/p><p>\u00c9conomiquement, elle contribue \u00e0 diminuer les co\u00fbts li\u00e9s \u00e0 la congestion urbaine et \u00e0 la consommation de carburants fossiles. La transition vers des solutions de transport plus durables stimule \u00e9galement l\u2019innovation et cr\u00e9e des emplois dans le secteur des technologies vertes, renfor\u00e7ant ainsi la r\u00e9silience \u00e9conomique et environnementale.<\/p>\t\t\t\t\t\t\t\t<\/div>\n\t\t\t\t<\/div>\n\t\t<div class=\"elementor-element elementor-element-0fb1e37 e-con-full e-flex e-con e-child\" data-id=\"0fb1e37\" data-element_type=\"container\" data-e-type=\"container\" data-settings=\"{&quot;background_background&quot;:&quot;classic&quot;}\">\n\t\t<div class=\"elementor-element elementor-element-a7aaa61 e-con-full e-flex e-con e-child\" data-id=\"a7aaa61\" data-element_type=\"container\" data-e-type=\"container\">\n\t\t\t\t<div class=\"elementor-element elementor-element-2b74450 elementor-widget__width-initial elementor-widget elementor-widget-heading\" data-id=\"2b74450\" data-element_type=\"widget\" data-e-type=\"widget\" data-widget_type=\"heading.default\">\n\t\t\t\t\t<h2 class=\"elementor-heading-title elementor-size-default\">Votre empreinte carbone gratuite vous attend!<\/h2>\t\t\t\t<\/div>\n\t\t\t\t<div class=\"elementor-element elementor-element-95ccb63 elementor-widget elementor-widget-heading\" data-id=\"95ccb63\" data-element_type=\"widget\" data-e-type=\"widget\" data-widget_type=\"heading.default\">\n\t\t\t\t\t<p class=\"elementor-heading-title elementor-size-default\">Enregistrez-vous \u00e0 votre essai gratuit, r\u00e9pondez \u00e0 20 questions et recevez votre empreinte carbone!\n\n<\/p>\t\t\t\t<\/div>\n\t\t\t\t<div class=\"elementor-element elementor-element-5efab87 elementor-widget elementor-widget-button\" data-id=\"5efab87\" data-element_type=\"widget\" data-e-type=\"widget\" data-settings=\"{&quot;motion_fx_motion_fx_mouse&quot;:&quot;yes&quot;}\" data-widget_type=\"button.default\">\n\t\t\t\t\t\t\t\t\t\t<a class=\"elementor-button elementor-button-link elementor-size-sm\" href=\"https:\/\/scan.carbon-cockpit.eu\/auth\/login\">\n\t\t\t\t\t\t<span class=\"elementor-button-content-wrapper\">\n\t\t\t\t\t\t\t\t\t<span class=\"elementor-button-text\">D\u00e9marrer<\/span>\n\t\t\t\t\t<\/span>\n\t\t\t\t\t<\/a>\n\t\t\t\t\t\t\t\t<\/div>\n\t\t\t\t<\/div>\n\t\t\t\t<\/div>\n\t\t<div class=\"elementor-element elementor-element-2b12a55 e-con-full e-flex e-con e-child\" data-id=\"2b12a55\" data-element_type=\"container\" data-e-type=\"container\">\n\t\t\t\t<div class=\"elementor-element elementor-element-0df7867 elementor-widget elementor-widget-heading\" data-id=\"0df7867\" data-element_type=\"widget\" data-e-type=\"widget\" data-widget_type=\"heading.default\">\n\t\t\t\t\t<h2 class=\"elementor-heading-title elementor-size-default\">Les d\u00e9fis de la transition vers une mobilit\u00e9 durable\n\n<\/h2>\t\t\t\t<\/div>\n\t\t\t\t<div class=\"elementor-element elementor-element-a7556b9 elementor-widget elementor-widget-text-editor\" data-id=\"a7556b9\" data-element_type=\"widget\" data-e-type=\"widget\" data-widget_type=\"text-editor.default\">\n\t\t\t\t\t\t\t\t\t<p>La transition vers une mobilit\u00e9 durable se heurte \u00e0 plusieurs d\u00e9fis. Dans un premier temps, l\u2019adaptation des infrastructures est cruciale. Ainsi, il convient de cr\u00e9er des pistes cyclables, d\u2019installer des bornes de recharge pour v\u00e9hicules \u00e9lectriques et d\u2019am\u00e9liorer les r\u00e9seaux de transports en commun, surtout dans les zones rurales peu desservies. Ces am\u00e9nagements n\u00e9cessitent un financement cons\u00e9quent, et les co\u00fbts \u00e9lev\u00e9s des v\u00e9hicules propres ou des infrastructures vertes peuvent \u00eatre un frein, d\u2019o\u00f9 l\u2019importance des subventions et des soutiens financiers pour les rendre accessibles.<\/p><p>Un autre obstacle r\u00e9side dans la r\u00e9sistance au changement. Les habitudes de transport sont profond\u00e9ment ancr\u00e9es, et de nombreuses personnes pr\u00e9f\u00e8rent utiliser leur voiture personnelle pour des raisons de commodit\u00e9. Encourager un usage plus fr\u00e9quent des modes de transport durables passe par une sensibilisation continue et des incitations ad\u00e9quates pour r\u00e9ussir une adoption large de la mobilit\u00e9 durable.<\/p>\t\t\t\t\t\t\t\t<\/div>\n\t\t\t\t<div class=\"elementor-element elementor-element-15ab3eb elementor-widget elementor-widget-heading\" data-id=\"15ab3eb\" data-element_type=\"widget\" data-e-type=\"widget\" data-widget_type=\"heading.default\">\n\t\t\t\t\t<h2 class=\"elementor-heading-title elementor-size-default\">Mobilit\u00e9 durable : Innovations et technologies\n\n<\/h2>\t\t\t\t<\/div>\n\t\t\t\t<div class=\"elementor-element elementor-element-3fbb065 elementor-widget elementor-widget-text-editor\" data-id=\"3fbb065\" data-element_type=\"widget\" data-e-type=\"widget\" data-widget_type=\"text-editor.default\">\n\t\t\t\t\t\t\t\t\t<p>Les innovations technologiques jouent un r\u00f4le essentiel dans l\u2019\u00e9volution vers une mobilit\u00e9 durable. Les v\u00e9hicules autonomes, qui optimisent les trajets et r\u00e9duisent les embouteillages, promettent une meilleure fluidit\u00e9 du trafic et une r\u00e9duction des \u00e9missions. Les applications de mobilit\u00e9 facilitent \u00e9galement cette transition en rendant plus accessibles le covoiturage, le partage de v\u00e9los, et les transports publics.<\/p><p>En parall\u00e8le, les carburants alternatifs se d\u00e9veloppent pour diminuer l\u2019impact environnemental des transports. Les biocarburants, l\u2019hydrog\u00e8ne, et les carburants synth\u00e9tiques offrent des alternatives prometteuses pour remplacer les combustibles fossiles, et r\u00e9duire les \u00e9missions de co\u2082. Ces innovations technologiques, soutenues par des politiques de recherche et d\u00e9veloppement, sont essentielles pour r\u00e9pondre aux objectifs climatiques.<\/p>\t\t\t\t\t\t\t\t<\/div>\n\t\t\t\t<div class=\"elementor-element elementor-element-2955018 elementor-widget elementor-widget-heading\" data-id=\"2955018\" data-element_type=\"widget\" data-e-type=\"widget\" data-widget_type=\"heading.default\">\n\t\t\t\t\t<h2 class=\"elementor-heading-title elementor-size-default\">Exemples de villes engag\u00e9es dans la mobilit\u00e9 durable\n\n<\/h2>\t\t\t\t<\/div>\n\t\t\t\t<div class=\"elementor-element elementor-element-8fbf34f elementor-widget elementor-widget-text-editor\" data-id=\"8fbf34f\" data-element_type=\"widget\" data-e-type=\"widget\" data-widget_type=\"text-editor.default\">\n\t\t\t\t\t\t\t\t\t<p>Certaines villes se distinguent par leur engagement en faveur de la mobilit\u00e9 durable. Amsterdam, par exemple, est connue pour son vaste r\u00e9seau cyclable et ses limitations impos\u00e9es aux v\u00e9hicules dans les zones urbaines. La ville a investi dans des infrastructures favorables aux v\u00e9los, encourageant ainsi les d\u00e9placements \u00e0 faible empreinte carbone.<\/p><p class=\"translation-block\"><a href=\"https:\/\/www.metropolegrandparis.fr\/fr\/mobilites-durables\">Paris<\/a> a mis en place des zones \u00e0 faibles \u00e9missions et encourage activement la mobilit\u00e9 douce, comme la marche et le v\u00e9lo. Les nombreuses pistes cyclables et les V\u00e9lib\u2019 (v\u00e9los en libre-service) sont des exemples concrets de son approche.<\/p><p>Tokyo, de son c\u00f4t\u00e9, excelle en mati\u00e8re de transports en commun, avec un r\u00e9seau extr\u00eamement efficace qui r\u00e9duit les besoins de transport individuel. La ville d\u00e9veloppe \u00e9galement l\u2019\u00e9lectrification des taxis et des bus pour limiter la pollution urbaine.<\/p><p>Ces initiatives montrent que chaque ville peut adapter des solutions de mobilit\u00e9 durable en fonction de ses caract\u00e9ristiques.<\/p>\t\t\t\t\t\t\t\t<\/div>\n\t\t\t\t<div class=\"elementor-element elementor-element-5e3a2cd elementor-widget elementor-widget-heading\" data-id=\"5e3a2cd\" data-element_type=\"widget\" data-e-type=\"widget\" data-widget_type=\"heading.default\">\n\t\t\t\t\t<h2 class=\"elementor-heading-title elementor-size-default\">Comment adopter la mobilit\u00e9 durable au quotidien ?\n\n<\/h2>\t\t\t\t<\/div>\n\t\t\t\t<div class=\"elementor-element elementor-element-d3cf18f elementor-widget elementor-widget-text-editor\" data-id=\"d3cf18f\" data-element_type=\"widget\" data-e-type=\"widget\" data-widget_type=\"text-editor.default\">\n\t\t\t\t\t\t\t\t\t<p>Prioriser les modes de transport doux, comme la marche, le v\u00e9lo ou les transports en commun, permet de r\u00e9duire significativement l\u2019empreinte carbone et d\u2019am\u00e9liorer la qualit\u00e9 de vie en ville. Le covoiturage est \u00e9galement une solution pratique : en partageant les trajets gr\u00e2ce \u00e0 des plateformes d\u00e9di\u00e9es, il est possible de r\u00e9duire les co\u00fbts tout en diminuant le nombre de v\u00e9hicules en circulation.<\/p><p>Pour les trajets n\u00e9cessitant un v\u00e9hicule, opter pour un mod\u00e8le hybride ou \u00e9lectrique peut contribuer \u00e0 limiter les \u00e9missions de co\u2082. Ces efforts combin\u00e9s permettent d\u2019int\u00e9grer la durabilit\u00e9 dans les habitudes quotidiennes et de participer activement \u00e0 la transition \u00e9cologique.<\/p>\t\t\t\t\t\t\t\t<\/div>\n\t\t\t\t<div class=\"elementor-element elementor-element-9c562d0 elementor-widget elementor-widget-heading\" data-id=\"9c562d0\" data-element_type=\"widget\" data-e-type=\"widget\" data-widget_type=\"heading.default\">\n\t\t\t\t\t<h2 class=\"elementor-heading-title elementor-size-default\">L\u2019avenir de la mobilit\u00e9 durable\n\n<\/h2>\t\t\t\t<\/div>\n\t\t\t\t<div class=\"elementor-element elementor-element-34885ab elementor-widget elementor-widget-text-editor\" data-id=\"34885ab\" data-element_type=\"widget\" data-e-type=\"widget\" data-widget_type=\"text-editor.default\">\n\t\t\t\t\t\t\t\t\t<p>L\u2019avenir de la mobilit\u00e9 durable repose sur le d\u00e9veloppement de solutions globales, qui permettent de combiner plusieurs moyens de transport dans un m\u00eame trajet. En facilitant les connexions entre les transports en commun, les v\u00e9los en libre-service et les services de covoiturage, ces solutions r\u00e9duisent la d\u00e9pendance aux v\u00e9hicules personnels et optimisent les d\u00e9placements en ville. les politiques climatiques futures jouent \u00e9galement un r\u00f4le crucial.<\/p><p>Des r\u00e9gulations et des accords internationaux sont en cours de d\u00e9veloppement pour encourager une mobilit\u00e9 plus durable, comme la r\u00e9duction des \u00e9missions de co\u2082 dans le secteur des transports.<\/p><p>De plus, les entreprises et startups innovent pour offrir des alternatives \u00e9coresponsables, allant des applications de mobilit\u00e9 partag\u00e9e aux avanc\u00e9es technologiques dans les v\u00e9hicules \u00e9lectriques et autonomes. Elles contribuent ainsi activement \u00e0 transformer le secteur vers un avenir plus respectueux de l\u2019environnement.<\/p>\t\t\t\t\t\t\t\t<\/div>\n\t\t\t\t<\/div>\n\t\t\t\t\t<\/div>\n\t\t\t\t<\/div>\n\t\t\t\t<\/div>","protected":false},"excerpt":{"rendered":"<p>La mobilit\u00e9 durable d\u00e9signe un ensemble de solutions de transport visant \u00e0 r\u00e9duire l'impact environnemental des d\u00e9placements. Elle privil\u00e9gie des modes de transport \u00e9cologiques, comme les transports en commun, le v\u00e9lo, et les v\u00e9hicules \u00e9lectriques. Son objectif est de diminuer les \u00e9missions de co\u2082 et de limiter la d\u00e9pendance aux \u00e9nergies fossiles, tout en am\u00e9liorant la qualit\u00e9 de vie.<\/p>","protected":false},"author":1,"featured_media":1682,"comment_status":"closed","ping_status":"closed","sticky":false,"template":"","format":"standard","meta":{"_acf_changed":false,"footnotes":""},"categories":[1],"tags":[],"class_list":["post-1680","post","type-post","status-publish","format-standard","has-post-thumbnail","hentry","category-blog"],"acf":[],"yoast_head":"<!-- This site is optimized with the Yoast SEO plugin v27.3 - https:\/\/yoast.com\/product\/yoast-seo-wordpress\/ -->\n<title>All about sustainable mobility | D-Carbonize<\/title>\n<meta name=\"description\" content=\"Discover sustainable mobility: modes of transport, environmental impact, innovations and solutions for a future of \u2026\" \/>\n<meta name=\"robots\" content=\"index, follow, max-snippet:-1, max-image-preview:large, max-video-preview:-1\" \/>\n<link rel=\"canonical\" href=\"https:\/\/d-carbonize.eu\/fr\/mobilite-durable\/\" \/>\n<meta property=\"og:locale\" content=\"fr_FR\" \/>\n<meta property=\"og:type\" content=\"article\" \/>\n<meta property=\"og:title\" content=\"All about sustainable mobility | D-Carbonize\" \/>\n<meta property=\"og:description\" content=\"Discover sustainable mobility: modes of transport, environmental impact, innovations and solutions for a future of \u2026\" \/>\n<meta property=\"og:url\" content=\"https:\/\/d-carbonize.eu\/fr\/mobilite-durable\/\" \/>\n<meta property=\"og:site_name\" content=\"D-Carbonize\" \/>\n<meta property=\"article:published_time\" content=\"2024-11-19T09:40:35+00:00\" \/>\n<meta property=\"article:modified_time\" content=\"2026-02-24T12:36:06+00:00\" \/>\n<meta property=\"og:image\" content=\"https:\/\/d-carbonize.eu\/wp-content\/uploads\/2025\/09\/Quest-ce-que-la-mobilite-durable-.webp\" \/>\n\t<meta property=\"og:image:width\" content=\"1280\" \/>\n\t<meta property=\"og:image:height\" content=\"853\" \/>\n\t<meta property=\"og:image:type\" content=\"image\/webp\" \/>\n<meta name=\"author\" content=\"Jaimish\" \/>\n<meta name=\"twitter:card\" content=\"summary_large_image\" \/>\n<meta name=\"twitter:label1\" content=\"\u00c9crit par\" \/>\n\t<meta name=\"twitter:data1\" content=\"Jaimish\" \/>\n\t<meta name=\"twitter:label2\" content=\"Dur\u00e9e de lecture estim\u00e9e\" \/>\n\t<meta name=\"twitter:data2\" content=\"6 minutes\" \/>\n<script type=\"application\/ld+json\" class=\"yoast-schema-graph\">{\"@context\":\"https:\\\/\\\/schema.org\",\"@graph\":[{\"@type\":\"Article\",\"@id\":\"https:\\\/\\\/d-carbonize.eu\\\/fr\\\/sustainable-mobility\\\/#article\",\"isPartOf\":{\"@id\":\"https:\\\/\\\/d-carbonize.eu\\\/fr\\\/sustainable-mobility\\\/\"},\"author\":{\"name\":\"Jaimish\",\"@id\":\"https:\\\/\\\/d-carbonize.eu\\\/fr\\\/#\\\/schema\\\/person\\\/b9dac9922f82f032a297605c6ab896cd\"},\"headline\":\"What is sustainable mobility?\",\"datePublished\":\"2024-11-19T09:40:35+00:00\",\"dateModified\":\"2026-02-24T12:36:06+00:00\",\"mainEntityOfPage\":{\"@id\":\"https:\\\/\\\/d-carbonize.eu\\\/fr\\\/sustainable-mobility\\\/\"},\"wordCount\":1217,\"publisher\":{\"@id\":\"https:\\\/\\\/d-carbonize.eu\\\/fr\\\/#organization\"},\"image\":{\"@id\":\"https:\\\/\\\/d-carbonize.eu\\\/fr\\\/sustainable-mobility\\\/#primaryimage\"},\"thumbnailUrl\":\"https:\\\/\\\/d-carbonize.eu\\\/wp-content\\\/uploads\\\/2025\\\/09\\\/Quest-ce-que-la-mobilite-durable-.webp\",\"articleSection\":[\"Blog\"],\"inLanguage\":\"fr-FR\"},{\"@type\":\"WebPage\",\"@id\":\"https:\\\/\\\/d-carbonize.eu\\\/fr\\\/sustainable-mobility\\\/\",\"url\":\"https:\\\/\\\/d-carbonize.eu\\\/fr\\\/sustainable-mobility\\\/\",\"name\":\"All about sustainable mobility | D-Carbonize\",\"isPartOf\":{\"@id\":\"https:\\\/\\\/d-carbonize.eu\\\/fr\\\/#website\"},\"primaryImageOfPage\":{\"@id\":\"https:\\\/\\\/d-carbonize.eu\\\/fr\\\/sustainable-mobility\\\/#primaryimage\"},\"image\":{\"@id\":\"https:\\\/\\\/d-carbonize.eu\\\/fr\\\/sustainable-mobility\\\/#primaryimage\"},\"thumbnailUrl\":\"https:\\\/\\\/d-carbonize.eu\\\/wp-content\\\/uploads\\\/2025\\\/09\\\/Quest-ce-que-la-mobilite-durable-.webp\",\"datePublished\":\"2024-11-19T09:40:35+00:00\",\"dateModified\":\"2026-02-24T12:36:06+00:00\",\"description\":\"Discover sustainable mobility: modes of transport, environmental impact, innovations and solutions for a future of \u2026\",\"breadcrumb\":{\"@id\":\"https:\\\/\\\/d-carbonize.eu\\\/fr\\\/sustainable-mobility\\\/#breadcrumb\"},\"inLanguage\":\"fr-FR\",\"potentialAction\":[{\"@type\":\"ReadAction\",\"target\":[\"https:\\\/\\\/d-carbonize.eu\\\/fr\\\/sustainable-mobility\\\/\"]}]},{\"@type\":\"ImageObject\",\"inLanguage\":\"fr-FR\",\"@id\":\"https:\\\/\\\/d-carbonize.eu\\\/fr\\\/sustainable-mobility\\\/#primaryimage\",\"url\":\"https:\\\/\\\/d-carbonize.eu\\\/wp-content\\\/uploads\\\/2025\\\/09\\\/Quest-ce-que-la-mobilite-durable-.webp\",\"contentUrl\":\"https:\\\/\\\/d-carbonize.eu\\\/wp-content\\\/uploads\\\/2025\\\/09\\\/Quest-ce-que-la-mobilite-durable-.webp\",\"width\":1280,\"height\":853,\"caption\":\"Qu'est-ce que la mobilit\u00e9 durable ?\"},{\"@type\":\"BreadcrumbList\",\"@id\":\"https:\\\/\\\/d-carbonize.eu\\\/fr\\\/sustainable-mobility\\\/#breadcrumb\",\"itemListElement\":[{\"@type\":\"ListItem\",\"position\":1,\"name\":\"Home\",\"item\":\"https:\\\/\\\/d-carbonize.eu\\\/\"},{\"@type\":\"ListItem\",\"position\":2,\"name\":\"What is sustainable mobility?\"}]},{\"@type\":\"WebSite\",\"@id\":\"https:\\\/\\\/d-carbonize.eu\\\/fr\\\/#website\",\"url\":\"https:\\\/\\\/d-carbonize.eu\\\/fr\\\/\",\"name\":\"D-Carbonize\",\"description\":\"We Empower organisations to reduce their carbon footprint\",\"publisher\":{\"@id\":\"https:\\\/\\\/d-carbonize.eu\\\/fr\\\/#organization\"},\"potentialAction\":[{\"@type\":\"SearchAction\",\"target\":{\"@type\":\"EntryPoint\",\"urlTemplate\":\"https:\\\/\\\/d-carbonize.eu\\\/fr\\\/?s={search_term_string}\"},\"query-input\":{\"@type\":\"PropertyValueSpecification\",\"valueRequired\":true,\"valueName\":\"search_term_string\"}}],\"inLanguage\":\"fr-FR\"},{\"@type\":\"Organization\",\"@id\":\"https:\\\/\\\/d-carbonize.eu\\\/fr\\\/#organization\",\"name\":\"D-Carbonize\",\"url\":\"https:\\\/\\\/d-carbonize.eu\\\/fr\\\/\",\"logo\":{\"@type\":\"ImageObject\",\"inLanguage\":\"fr-FR\",\"@id\":\"https:\\\/\\\/d-carbonize.eu\\\/fr\\\/#\\\/schema\\\/logo\\\/image\\\/\",\"url\":\"https:\\\/\\\/d-carbonize.eu\\\/wp-content\\\/uploads\\\/2025\\\/09\\\/Figure-\u2192-d-carbo_vertical.svg\",\"contentUrl\":\"https:\\\/\\\/d-carbonize.eu\\\/wp-content\\\/uploads\\\/2025\\\/09\\\/Figure-\u2192-d-carbo_vertical.svg\",\"width\":196,\"height\":25,\"caption\":\"D-Carbonize\"},\"image\":{\"@id\":\"https:\\\/\\\/d-carbonize.eu\\\/fr\\\/#\\\/schema\\\/logo\\\/image\\\/\"}},{\"@type\":\"Person\",\"@id\":\"https:\\\/\\\/d-carbonize.eu\\\/fr\\\/#\\\/schema\\\/person\\\/b9dac9922f82f032a297605c6ab896cd\",\"name\":\"Jaimish\",\"image\":{\"@type\":\"ImageObject\",\"inLanguage\":\"fr-FR\",\"@id\":\"https:\\\/\\\/secure.gravatar.com\\\/avatar\\\/0d0bdf8fd205508c6d53e027742322739a80465e63346ff0e1e7b93ef700479c?s=96&d=mm&r=g\",\"url\":\"https:\\\/\\\/secure.gravatar.com\\\/avatar\\\/0d0bdf8fd205508c6d53e027742322739a80465e63346ff0e1e7b93ef700479c?s=96&d=mm&r=g\",\"contentUrl\":\"https:\\\/\\\/secure.gravatar.com\\\/avatar\\\/0d0bdf8fd205508c6d53e027742322739a80465e63346ff0e1e7b93ef700479c?s=96&d=mm&r=g\",\"caption\":\"Jaimish\"},\"sameAs\":[\"https:\\\/\\\/d-carbonize.eu\"],\"url\":\"https:\\\/\\\/d-carbonize.eu\\\/fr\\\/author\\\/jaimish\\\/\"}]}<\/script>\n<!-- \/ Yoast SEO plugin. -->","yoast_head_json":{"title":"Tout savoir sur la mobilit\u00e9 durable | D-Carbonize","description":"D\u00e9couvrez la mobilit\u00e9 durable : modes de transport, impact environnemental, innovations et solutions pour un futur de \u2026","robots":{"index":"index","follow":"follow","max-snippet":"max-snippet:-1","max-image-preview":"max-image-preview:large","max-video-preview":"max-video-preview:-1"},"canonical":"https:\/\/d-carbonize.eu\/fr\/mobilite-durable\/","og_locale":"fr_FR","og_type":"article","og_title":"All about sustainable mobility | D-Carbonize","og_description":"Discover sustainable mobility: modes of transport, environmental impact, innovations and solutions for a future of \u2026","og_url":"https:\/\/d-carbonize.eu\/fr\/mobilite-durable\/","og_site_name":"D-Carbonize","article_published_time":"2024-11-19T09:40:35+00:00","article_modified_time":"2026-02-24T12:36:06+00:00","og_image":[{"width":1280,"height":853,"url":"https:\/\/d-carbonize.eu\/wp-content\/uploads\/2025\/09\/Quest-ce-que-la-mobilite-durable-.webp","type":"image\/webp"}],"author":"Jaimish","twitter_card":"summary_large_image","twitter_misc":{"\u00c9crit par":"Jaimish","Dur\u00e9e de lecture estim\u00e9e":"6 minutes"},"schema":{"@context":"https:\/\/schema.org","@graph":[{"@type":"Article","@id":"https:\/\/d-carbonize.eu\/fr\/sustainable-mobility\/#article","isPartOf":{"@id":"https:\/\/d-carbonize.eu\/fr\/sustainable-mobility\/"},"author":{"name":"Jaimish","@id":"https:\/\/d-carbonize.eu\/fr\/#\/schema\/person\/b9dac9922f82f032a297605c6ab896cd"},"headline":"What is sustainable mobility?","datePublished":"2024-11-19T09:40:35+00:00","dateModified":"2026-02-24T12:36:06+00:00","mainEntityOfPage":{"@id":"https:\/\/d-carbonize.eu\/fr\/sustainable-mobility\/"},"wordCount":1217,"publisher":{"@id":"https:\/\/d-carbonize.eu\/fr\/#organization"},"image":{"@id":"https:\/\/d-carbonize.eu\/fr\/sustainable-mobility\/#primaryimage"},"thumbnailUrl":"https:\/\/d-carbonize.eu\/wp-content\/uploads\/2025\/09\/Quest-ce-que-la-mobilite-durable-.webp","articleSection":["Blog"],"inLanguage":"fr-FR"},{"@type":"WebPage","@id":"https:\/\/d-carbonize.eu\/fr\/sustainable-mobility\/","url":"https:\/\/d-carbonize.eu\/fr\/sustainable-mobility\/","name":"Tout savoir sur la mobilit\u00e9 durable | D-Carbonize","isPartOf":{"@id":"https:\/\/d-carbonize.eu\/fr\/#website"},"primaryImageOfPage":{"@id":"https:\/\/d-carbonize.eu\/fr\/sustainable-mobility\/#primaryimage"},"image":{"@id":"https:\/\/d-carbonize.eu\/fr\/sustainable-mobility\/#primaryimage"},"thumbnailUrl":"https:\/\/d-carbonize.eu\/wp-content\/uploads\/2025\/09\/Quest-ce-que-la-mobilite-durable-.webp","datePublished":"2024-11-19T09:40:35+00:00","dateModified":"2026-02-24T12:36:06+00:00","description":"D\u00e9couvrez la mobilit\u00e9 durable : modes de transport, impact environnemental, innovations et solutions pour un futur de \u2026","breadcrumb":{"@id":"https:\/\/d-carbonize.eu\/fr\/sustainable-mobility\/#breadcrumb"},"inLanguage":"fr-FR","potentialAction":[{"@type":"ReadAction","target":["https:\/\/d-carbonize.eu\/fr\/sustainable-mobility\/"]}]},{"@type":"ImageObject","inLanguage":"fr-FR","@id":"https:\/\/d-carbonize.eu\/fr\/sustainable-mobility\/#primaryimage","url":"https:\/\/d-carbonize.eu\/wp-content\/uploads\/2025\/09\/Quest-ce-que-la-mobilite-durable-.webp","contentUrl":"https:\/\/d-carbonize.eu\/wp-content\/uploads\/2025\/09\/Quest-ce-que-la-mobilite-durable-.webp","width":1280,"height":853,"caption":"Qu'est-ce que la mobilit\u00e9 durable ?"},{"@type":"BreadcrumbList","@id":"https:\/\/d-carbonize.eu\/fr\/sustainable-mobility\/#breadcrumb","itemListElement":[{"@type":"ListItem","position":1,"name":"Home","item":"https:\/\/d-carbonize.eu\/"},{"@type":"ListItem","position":2,"name":"What is sustainable mobility?"}]},{"@type":"WebSite","@id":"https:\/\/d-carbonize.eu\/fr\/#website","url":"https:\/\/d-carbonize.eu\/fr\/","name":"D-Carbonize","description":"Nous donnons aux organisations les moyens de r\u00e9duire leur empreinte carbone","publisher":{"@id":"https:\/\/d-carbonize.eu\/fr\/#organization"},"potentialAction":[{"@type":"SearchAction","target":{"@type":"EntryPoint","urlTemplate":"https:\/\/d-carbonize.eu\/fr\/?s={search_term_string}"},"query-input":{"@type":"PropertyValueSpecification","valueRequired":true,"valueName":"search_term_string"}}],"inLanguage":"fr-FR"},{"@type":"Organization","@id":"https:\/\/d-carbonize.eu\/fr\/#organization","name":"D-Carbonize","url":"https:\/\/d-carbonize.eu\/fr\/","logo":{"@type":"ImageObject","inLanguage":"fr-FR","@id":"https:\/\/d-carbonize.eu\/fr\/#\/schema\/logo\/image\/","url":"https:\/\/d-carbonize.eu\/wp-content\/uploads\/2025\/09\/Figure-\u2192-d-carbo_vertical.svg","contentUrl":"https:\/\/d-carbonize.eu\/wp-content\/uploads\/2025\/09\/Figure-\u2192-d-carbo_vertical.svg","width":196,"height":25,"caption":"D-Carbonize"},"image":{"@id":"https:\/\/d-carbonize.eu\/fr\/#\/schema\/logo\/image\/"}},{"@type":"Person","@id":"https:\/\/d-carbonize.eu\/fr\/#\/schema\/person\/b9dac9922f82f032a297605c6ab896cd","name":"Jaimish","image":{"@type":"ImageObject","inLanguage":"fr-FR","@id":"https:\/\/secure.gravatar.com\/avatar\/0d0bdf8fd205508c6d53e027742322739a80465e63346ff0e1e7b93ef700479c?s=96&d=mm&r=g","url":"https:\/\/secure.gravatar.com\/avatar\/0d0bdf8fd205508c6d53e027742322739a80465e63346ff0e1e7b93ef700479c?s=96&d=mm&r=g","contentUrl":"https:\/\/secure.gravatar.com\/avatar\/0d0bdf8fd205508c6d53e027742322739a80465e63346ff0e1e7b93ef700479c?s=96&d=mm&r=g","caption":"Jaimish"},"sameAs":["https:\/\/d-carbonize.eu"],"url":"https:\/\/d-carbonize.eu\/fr\/author\/jaimish\/"}]}},"_links":{"self":[{"href":"https:\/\/d-carbonize.eu\/fr\/wp-json\/wp\/v2\/posts\/1680","targetHints":{"allow":["GET"]}}],"collection":[{"href":"https:\/\/d-carbonize.eu\/fr\/wp-json\/wp\/v2\/posts"}],"about":[{"href":"https:\/\/d-carbonize.eu\/fr\/wp-json\/wp\/v2\/types\/post"}],"author":[{"embeddable":true,"href":"https:\/\/d-carbonize.eu\/fr\/wp-json\/wp\/v2\/users\/1"}],"replies":[{"embeddable":true,"href":"https:\/\/d-carbonize.eu\/fr\/wp-json\/wp\/v2\/comments?post=1680"}],"version-history":[{"count":73,"href":"https:\/\/d-carbonize.eu\/fr\/wp-json\/wp\/v2\/posts\/1680\/revisions"}],"predecessor-version":[{"id":15367,"href":"https:\/\/d-carbonize.eu\/fr\/wp-json\/wp\/v2\/posts\/1680\/revisions\/15367"}],"wp:featuredmedia":[{"embeddable":true,"href":"https:\/\/d-carbonize.eu\/fr\/wp-json\/wp\/v2\/media\/1682"}],"wp:attachment":[{"href":"https:\/\/d-carbonize.eu\/fr\/wp-json\/wp\/v2\/media?parent=1680"}],"wp:term":[{"taxonomy":"category","embeddable":true,"href":"https:\/\/d-carbonize.eu\/fr\/wp-json\/wp\/v2\/categories?post=1680"},{"taxonomy":"post_tag","embeddable":true,"href":"https:\/\/d-carbonize.eu\/fr\/wp-json\/wp\/v2\/tags?post=1680"}],"curies":[{"name":"wp","href":"https:\/\/api.w.org\/{rel}","templated":true}]}}