{"id":1732,"date":"2024-03-11T09:56:19","date_gmt":"2024-03-11T09:56:19","guid":{"rendered":"https:\/\/d-carbonize.eu\/?p=1732"},"modified":"2026-02-24T13:56:10","modified_gmt":"2026-02-24T13:56:10","slug":"empreinte-carbone","status":"publish","type":"post","link":"https:\/\/d-carbonize.eu\/fr\/carbon-footprint\/","title":{"rendered":"Empreinte carbone : D\u00e9finition"},"content":{"rendered":"<div id=\"bsf_rt_marker\"><\/div>\t\t<div data-elementor-type=\"wp-post\" data-elementor-id=\"1732\" class=\"elementor elementor-1732\" data-elementor-post-type=\"post\">\n\t\t\t\t<div class=\"elementor-element elementor-element-a8c0a35 e-flex e-con-boxed e-con e-parent\" data-id=\"a8c0a35\" data-element_type=\"container\" data-e-type=\"container\">\n\t\t\t\t\t<div class=\"e-con-inner\">\n\t\t<div class=\"elementor-element elementor-element-f9fd445 e-con-full e-flex e-con e-child\" data-id=\"f9fd445\" data-element_type=\"container\" data-e-type=\"container\">\n\t\t\t\t<div class=\"elementor-element elementor-element-9f25f07 elementor-widget elementor-widget-heading\" data-id=\"9f25f07\" data-element_type=\"widget\" data-e-type=\"widget\" data-widget_type=\"heading.default\">\n\t\t\t\t\t<h2 class=\"elementor-heading-title elementor-size-default\">Introduction<\/h2>\t\t\t\t<\/div>\n\t\t\t\t<div class=\"elementor-element elementor-element-b297c5a elementor-widget elementor-widget-text-editor\" data-id=\"b297c5a\" data-element_type=\"widget\" data-e-type=\"widget\" data-widget_type=\"text-editor.default\">\n\t\t\t\t\t\t\t\t\t<p>L'empreinte carbone des entreprises est devenue un indicateur cl\u00e9 de leur impact sur l'environnement, refl\u00e9tant la quantit\u00e9 totale de gaz \u00e0 effet de serre qu'elles \u00e9mettent directement ou indirectement. Avec les changements climatiques actuels, comprendre et r\u00e9duire cette empreinte est devenu une priorit\u00e9 strat\u00e9gique pour les organisations. <br><br>\ndans cet article d\u00e9couvrez qu\u2019est-ce que l\u2019empreinte carbone, son calcul et les strat\u00e9gies de r\u00e9duction possibles pour les entreprises.<\/p>\t\t\t\t\t\t\t\t<\/div>\n\t\t\t\t<\/div>\n\t\t\t\t<div class=\"elementor-element elementor-element-1e9a746 elementor-widget__width-inherit elementor-widget elementor-widget-image\" data-id=\"1e9a746\" data-element_type=\"widget\" data-e-type=\"widget\" data-widget_type=\"image.default\">\n\t\t\t\t\t\t\t\t\t\t\t\t\t\t\t<img fetchpriority=\"high\" decoding=\"async\" width=\"2560\" height=\"1237\" src=\"https:\/\/d-carbonize.eu\/wp-content\/uploads\/2024\/03\/marcin-jozwiak-NdMcz5d74Ak-unsplash-e1715696438475.webp\" class=\"attachment-full size-full wp-image-1737\" alt=\"Vue a\u00e9rienne des \u00e9missions de gaz \u00e0 effets de serre d&#039;une entreprise\" srcset=\"https:\/\/d-carbonize.eu\/wp-content\/uploads\/2024\/03\/marcin-jozwiak-NdMcz5d74Ak-unsplash-e1715696438475.webp 2560w, https:\/\/d-carbonize.eu\/wp-content\/uploads\/2024\/03\/marcin-jozwiak-NdMcz5d74Ak-unsplash-e1715696438475-300x145.webp 300w, https:\/\/d-carbonize.eu\/wp-content\/uploads\/2024\/03\/marcin-jozwiak-NdMcz5d74Ak-unsplash-e1715696438475-1024x495.webp 1024w, https:\/\/d-carbonize.eu\/wp-content\/uploads\/2024\/03\/marcin-jozwiak-NdMcz5d74Ak-unsplash-e1715696438475-768x371.webp 768w, https:\/\/d-carbonize.eu\/wp-content\/uploads\/2024\/03\/marcin-jozwiak-NdMcz5d74Ak-unsplash-e1715696438475-1536x742.webp 1536w, https:\/\/d-carbonize.eu\/wp-content\/uploads\/2024\/03\/marcin-jozwiak-NdMcz5d74Ak-unsplash-e1715696438475-2048x990.webp 2048w\" sizes=\"(max-width: 2560px) 100vw, 2560px\" \/>\t\t\t\t\t\t\t\t\t\t\t\t\t\t\t<\/div>\n\t\t<div class=\"elementor-element elementor-element-f1914af e-con-full e-flex e-con e-child\" data-id=\"f1914af\" data-element_type=\"container\" data-e-type=\"container\">\n\t\t\t\t<div class=\"elementor-element elementor-element-5d07e16 elementor-widget elementor-widget-heading\" data-id=\"5d07e16\" data-element_type=\"widget\" data-e-type=\"widget\" data-widget_type=\"heading.default\">\n\t\t\t\t\t<h2 class=\"elementor-heading-title elementor-size-default\">Qu\u2019est-ce que l\u2019empreinte carbone ?\n<\/h2>\t\t\t\t<\/div>\n\t\t\t\t<div class=\"elementor-element elementor-element-dbdf862 elementor-position-inline-start elementor-view-default elementor-mobile-position-block-start elementor-widget elementor-widget-icon-box\" data-id=\"dbdf862\" data-element_type=\"widget\" data-e-type=\"widget\" data-widget_type=\"icon-box.default\">\n\t\t\t\t\t\t\t<div class=\"elementor-icon-box-wrapper\">\n\n\t\t\t\t\t\t<div class=\"elementor-icon-box-icon\">\n\t\t\t\t<span  class=\"elementor-icon\">\n\t\t\t\t<svg xmlns=\"http:\/\/www.w3.org\/2000\/svg\" width=\"69\" height=\"29\" viewbox=\"0 0 69 29\" fill=\"none\"><g clip-path=\"url(#clip0_24_39)\"><path d=\"M54.5 1H14.5C7.04416 1 1 7.04416 1 14.5C1 21.9558 7.04416 28 14.5 28H54.5C61.9558 28 68 21.9558 68 14.5C68 7.04416 61.9558 1 54.5 1Z\" stroke=\"#2E6BF3\" stroke-width=\"2\"><\/path><path d=\"M57.7071 14.7068C58.0976 14.3163 58.0976 13.6831 57.7071 13.2926L51.3431 6.92863C50.9526 6.53811 50.3195 6.53811 49.9289 6.92863C49.5384 7.31916 49.5384 7.95232 49.9289 8.34285L55.5858 13.9997L49.9289 19.6566C49.5384 20.0471 49.5384 20.6802 49.9289 21.0708C50.3195 21.4613 50.9526 21.4613 51.3431 21.0708L57.7071 14.7068ZM12.5 14.9997H57V12.9997H12.5V14.9997Z\" fill=\"#2E6BF3\"><\/path><\/g><defs><clippath id=\"clip0_24_39\"><rect width=\"69\" height=\"29\" fill=\"white\"><\/rect><\/clippath><\/defs><\/svg>\t\t\t\t<\/span>\n\t\t\t<\/div>\n\t\t\t\n\t\t\t\t\t\t<div class=\"elementor-icon-box-content\">\n\n\t\t\t\t\t\t\t\t\t<h3 class=\"elementor-icon-box-title\">\n\t\t\t\t\t\t<span  >\n\t\t\t\t\t\t\tD\u00e9finition\t\t\t\t\t\t<\/span>\n\t\t\t\t\t<\/h3>\n\t\t\t\t\n\t\t\t\t\n\t\t\t<\/div>\n\t\t\t\n\t\t<\/div>\n\t\t\t\t\t\t<\/div>\n\t\t\t\t<div class=\"elementor-element elementor-element-5170da4 elementor-widget elementor-widget-text-editor\" data-id=\"5170da4\" data-element_type=\"widget\" data-e-type=\"widget\" data-widget_type=\"text-editor.default\">\n\t\t\t\t\t\t\t\t\t<p>L'empreinte carbone d'une entreprise repr\u00e9sente la totalit\u00e9 des gaz \u00e0 effet de serre (ges) \u00e9mis directement ou indirectement par ses activit\u00e9s. cette mesure englobe tous les types de GES.<\/p><p>L'empreinte carbone est une composante essentielle de l'analyse environnementale d'une entreprise, refl\u00e9tant son impact global sur le r\u00e9chauffement climatique. Calculer cette empreinte permet non seulement d'identifier et de comprendre les principales sources d'\u00e9missions de GES mais \u00e9galement de d\u00e9velopper des strat\u00e9gies efficaces pour les r\u00e9duire.<\/p>\t\t\t\t\t\t\t\t<\/div>\n\t\t\t\t<div class=\"elementor-element elementor-element-906661c elementor-position-inline-start elementor-view-default elementor-mobile-position-block-start elementor-widget elementor-widget-icon-box\" data-id=\"906661c\" data-element_type=\"widget\" data-e-type=\"widget\" data-widget_type=\"icon-box.default\">\n\t\t\t\t\t\t\t<div class=\"elementor-icon-box-wrapper\">\n\n\t\t\t\t\t\t<div class=\"elementor-icon-box-icon\">\n\t\t\t\t<span  class=\"elementor-icon\">\n\t\t\t\t<svg xmlns=\"http:\/\/www.w3.org\/2000\/svg\" width=\"69\" height=\"29\" viewbox=\"0 0 69 29\" fill=\"none\"><g clip-path=\"url(#clip0_24_39)\"><path d=\"M54.5 1H14.5C7.04416 1 1 7.04416 1 14.5C1 21.9558 7.04416 28 14.5 28H54.5C61.9558 28 68 21.9558 68 14.5C68 7.04416 61.9558 1 54.5 1Z\" stroke=\"#2E6BF3\" stroke-width=\"2\"><\/path><path d=\"M57.7071 14.7068C58.0976 14.3163 58.0976 13.6831 57.7071 13.2926L51.3431 6.92863C50.9526 6.53811 50.3195 6.53811 49.9289 6.92863C49.5384 7.31916 49.5384 7.95232 49.9289 8.34285L55.5858 13.9997L49.9289 19.6566C49.5384 20.0471 49.5384 20.6802 49.9289 21.0708C50.3195 21.4613 50.9526 21.4613 51.3431 21.0708L57.7071 14.7068ZM12.5 14.9997H57V12.9997H12.5V14.9997Z\" fill=\"#2E6BF3\"><\/path><\/g><defs><clippath id=\"clip0_24_39\"><rect width=\"69\" height=\"29\" fill=\"white\"><\/rect><\/clippath><\/defs><\/svg>\t\t\t\t<\/span>\n\t\t\t<\/div>\n\t\t\t\n\t\t\t\t\t\t<div class=\"elementor-icon-box-content\">\n\n\t\t\t\t\t\t\t\t\t<h3 class=\"elementor-icon-box-title\">\n\t\t\t\t\t\t<span  >\n\t\t\t\t\t\t\tLes diff\u00e9rents typas d'\u00e9missions de gaz \u00e0 effet de serre\t\t\t\t\t\t<\/span>\n\t\t\t\t\t<\/h3>\n\t\t\t\t\n\t\t\t\t\n\t\t\t<\/div>\n\t\t\t\n\t\t<\/div>\n\t\t\t\t\t\t<\/div>\n\t\t\t\t<div class=\"elementor-element elementor-element-a4e5186 elementor-widget elementor-widget-text-editor\" data-id=\"a4e5186\" data-element_type=\"widget\" data-e-type=\"widget\" data-widget_type=\"text-editor.default\">\n\t\t\t\t\t\t\t\t\t<p>Les \u00e9missions de gaz \u00e0 effet de serre (ges) sont class\u00e9es en diff\u00e9rents types selon leur source et leur impact sur l'atmosph\u00e8re. voici les principaux GES et leurs origines principales:<\/p>\t\t\t\t\t\t\t\t<\/div>\n\t\t\t\t<div class=\"elementor-element elementor-element-50e2b26 elementor-widget elementor-widget-html\" data-id=\"50e2b26\" data-element_type=\"widget\" data-e-type=\"widget\" data-widget_type=\"html.default\">\n\t\t\t\t\t<table>\r\n    <thead>\r\n        <tr>\r\n            <th class=\"elementor-repeater-item-a889f6a\">\r\n                Gaz \u00e0 Effet de Serre\r\n            <\/th>\r\n            <th class=\"elementor-repeater-item-f780fde\">\r\n                Origines principales\r\n            <\/th>\r\n        <\/tr>\r\n    <\/thead>\r\n    <tbody>\r\n        <tr>\r\n            <td class=\"elementor-repeater-item-35788c8\">Dioxyde de carbone (co2)<\/td>\r\n            <td class=\"elementor-repeater-item-bdb54db\">- Combustion d'\u00e9nergies fossiles (p\u00e9trole, gaz, charbon) pour la production d'\u00e9lectricit\u00e9, le chauffage, les transports; <br>- D\u00e9forestation: <br> - Processus industriels.<\/td>\r\n        <\/tr>\r\n        <tr>\r\n            <td class=\"elementor-repeater-item-515ad95\">M\u00e9thane (ch4)<\/td>\r\n            <td class=\"elementor-repeater-item-76e3d17\">- Agriculture; <br>- Gestion des d\u00e9chets; <br>- Production et transport d'\u00e9nergie.<\/td>\r\n        <\/tr>\r\n        <tr>\r\n            <td class=\"elementor-repeater-item-2fb477b\">Protoxyde d'azote (n2o)<\/td>\r\n            <td class=\"elementor-repeater-item-5075e58\">- Utilisation d'engrais chimiques; <br>- Processus de combustion industriels; <br>- Combustion de biomasse.<\/td>\r\n        <\/tr>\r\n        <tr>\r\n            <td class=\"elementor-repeater-item-8505018\">Hydrofluorocarbures (hfc)<\/td>\r\n            <td class=\"elementor-repeater-item-6571316\">- Utilis\u00e9s dans les syst\u00e8mes de r\u00e9frig\u00e9ration, climatisation.<\/td>\r\n        <\/tr>\r\n        <tr>\r\n            <td class=\"elementor-repeater-item-f8a4617\">Perfluorocarbures (pfc)<\/td>\r\n            <td class=\"elementor-repeater-item-d9b86d6\">- Processus de production industrielle (ex : fabrication d'aluminium).<\/td>\r\n        <\/tr>\r\n        <tr>\r\n            <td class=\"elementor-repeater-item-61d379c\">Hexafluorure de soufre (sf6)<\/td>\r\n            <td class=\"elementor-repeater-item-7dad0a6\">- Utilis\u00e9 dans l'industrie \u00e9lectrique pour l'isolation des \u00e9quipements de transmission de l'\u00e9lectricit\u00e9.<\/td>\r\n        <\/tr>\r\n    <\/tbody>\r\n<\/table>\t\t\t\t<\/div>\n\t\t\t\t<div class=\"elementor-element elementor-element-8eaa16a elementor-widget elementor-widget-text-editor\" data-id=\"8eaa16a\" data-element_type=\"widget\" data-e-type=\"widget\" data-widget_type=\"text-editor.default\">\n\t\t\t\t\t\t\t\t\t<p>Comprendre les diff\u00e9rentes sources et types d'\u00e9missions de GES est crucial pour les entreprises souhaitant \u00e9laborer des <a href=\"\/fr\/expert-comptable\/\">strat\u00e9gies de r\u00e9duction de leur empreinte carbone<\/a>, en ciblant les r\u00e9ductions l\u00e0 o\u00f9 elles seront les plus significatives.<\/p>\t\t\t\t\t\t\t\t<\/div>\n\t\t<div class=\"elementor-element elementor-element-91a7471 e-con-full e-flex e-con e-child\" data-id=\"91a7471\" data-element_type=\"container\" data-e-type=\"container\" data-settings=\"{&quot;background_background&quot;:&quot;classic&quot;}\">\n\t\t<div class=\"elementor-element elementor-element-2e1886b e-con-full e-flex e-con e-child\" data-id=\"2e1886b\" data-element_type=\"container\" data-e-type=\"container\">\n\t\t<div class=\"elementor-element elementor-element-b006f79 e-con-full e-flex e-con e-child\" data-id=\"b006f79\" data-element_type=\"container\" data-e-type=\"container\">\n\t\t\t\t<div class=\"elementor-element elementor-element-ac4c0d5 elementor-view-default elementor-widget elementor-widget-icon\" data-id=\"ac4c0d5\" data-element_type=\"widget\" data-e-type=\"widget\" data-widget_type=\"icon.default\">\n\t\t\t\t\t\t\t<div class=\"elementor-icon-wrapper\">\n\t\t\t<div class=\"elementor-icon\">\n\t\t\t<svg aria-hidden=\"true\" class=\"e-font-icon-svg e-fas-quote-left\" viewbox=\"0 0 512 512\" xmlns=\"http:\/\/www.w3.org\/2000\/svg\"><path d=\"M464 256h-80v-64c0-35.3 28.7-64 64-64h8c13.3 0 24-10.7 24-24V56c0-13.3-10.7-24-24-24h-8c-88.4 0-160 71.6-160 160v240c0 26.5 21.5 48 48 48h128c26.5 0 48-21.5 48-48V304c0-26.5-21.5-48-48-48zm-288 0H96v-64c0-35.3 28.7-64 64-64h8c13.3 0 24-10.7 24-24V56c0-13.3-10.7-24-24-24h-8C71.6 32 0 103.6 0 192v240c0 26.5 21.5 48 48 48h128c26.5 0 48-21.5 48-48V304c0-26.5-21.5-48-48-48z\"><\/path><\/svg>\t\t\t<\/div>\n\t\t<\/div>\n\t\t\t\t\t\t<\/div>\n\t\t\t\t<div class=\"elementor-element elementor-element-f13253c elementor-widget elementor-widget-heading\" data-id=\"f13253c\" data-element_type=\"widget\" data-e-type=\"widget\" data-widget_type=\"heading.default\">\n\t\t\t\t\t<h2 class=\"elementor-heading-title elementor-size-default\">Calculer et r\u00e9duire l'empreinte carbone des entreprises est bien plus qu'une responsabilit\u00e9 environnementale; c'est une voie vers la comp\u00e9titivit\u00e9, l'innovation et un avenir plus durable.<\/h2>\t\t\t\t<\/div>\n\t\t\t\t<\/div>\n\t\t<div class=\"elementor-element elementor-element-1c9f854 e-con-full e-flex e-con e-child\" data-id=\"1c9f854\" data-element_type=\"container\" data-e-type=\"container\">\n\t\t\t\t<div class=\"elementor-element elementor-element-64e7e4a elementor-widget__width-inherit elementor-widget elementor-widget-image\" data-id=\"64e7e4a\" data-element_type=\"widget\" data-e-type=\"widget\" data-widget_type=\"image.default\">\n\t\t\t\t\t\t\t\t\t\t\t\t\t\t\t<img decoding=\"async\" width=\"1536\" height=\"1024\" src=\"https:\/\/d-carbonize.eu\/wp-content\/uploads\/2024\/03\/conservation-environnement-dans-jardin-pour-enfants-1-1536x1024-1.webp\" class=\"attachment-full size-full wp-image-1762\" alt=\"Les bras de 2 personnes diff\u00e9rentes tenant ensenble une jeune pousse dans leurs mains jointes\" srcset=\"https:\/\/d-carbonize.eu\/wp-content\/uploads\/2024\/03\/conservation-environnement-dans-jardin-pour-enfants-1-1536x1024-1.webp 1536w, https:\/\/d-carbonize.eu\/wp-content\/uploads\/2024\/03\/conservation-environnement-dans-jardin-pour-enfants-1-1536x1024-1-300x200.webp 300w, https:\/\/d-carbonize.eu\/wp-content\/uploads\/2024\/03\/conservation-environnement-dans-jardin-pour-enfants-1-1536x1024-1-1024x683.webp 1024w, https:\/\/d-carbonize.eu\/wp-content\/uploads\/2024\/03\/conservation-environnement-dans-jardin-pour-enfants-1-1536x1024-1-768x512.webp 768w\" sizes=\"(max-width: 1536px) 100vw, 1536px\" \/>\t\t\t\t\t\t\t\t\t\t\t\t\t\t\t<\/div>\n\t\t\t\t<\/div>\n\t\t\t\t<\/div>\n\t\t\t\t<\/div>\n\t\t\t\t<div class=\"elementor-element elementor-element-ac5dc41 elementor-widget elementor-widget-heading\" data-id=\"ac5dc41\" data-element_type=\"widget\" data-e-type=\"widget\" data-widget_type=\"heading.default\">\n\t\t\t\t\t<h2 class=\"elementor-heading-title elementor-size-default\">Empreinte carbone d\u2019une entreprise<\/h2>\t\t\t\t<\/div>\n\t\t\t\t<div class=\"elementor-element elementor-element-cda8d18 elementor-position-inline-start elementor-view-default elementor-mobile-position-block-start elementor-widget elementor-widget-icon-box\" data-id=\"cda8d18\" data-element_type=\"widget\" data-e-type=\"widget\" data-widget_type=\"icon-box.default\">\n\t\t\t\t\t\t\t<div class=\"elementor-icon-box-wrapper\">\n\n\t\t\t\t\t\t<div class=\"elementor-icon-box-icon\">\n\t\t\t\t<span  class=\"elementor-icon\">\n\t\t\t\t<svg xmlns=\"http:\/\/www.w3.org\/2000\/svg\" width=\"69\" height=\"29\" viewbox=\"0 0 69 29\" fill=\"none\"><g clip-path=\"url(#clip0_24_39)\"><path d=\"M54.5 1H14.5C7.04416 1 1 7.04416 1 14.5C1 21.9558 7.04416 28 14.5 28H54.5C61.9558 28 68 21.9558 68 14.5C68 7.04416 61.9558 1 54.5 1Z\" stroke=\"#2E6BF3\" stroke-width=\"2\"><\/path><path d=\"M57.7071 14.7068C58.0976 14.3163 58.0976 13.6831 57.7071 13.2926L51.3431 6.92863C50.9526 6.53811 50.3195 6.53811 49.9289 6.92863C49.5384 7.31916 49.5384 7.95232 49.9289 8.34285L55.5858 13.9997L49.9289 19.6566C49.5384 20.0471 49.5384 20.6802 49.9289 21.0708C50.3195 21.4613 50.9526 21.4613 51.3431 21.0708L57.7071 14.7068ZM12.5 14.9997H57V12.9997H12.5V14.9997Z\" fill=\"#2E6BF3\"><\/path><\/g><defs><clippath id=\"clip0_24_39\"><rect width=\"69\" height=\"29\" fill=\"white\"><\/rect><\/clippath><\/defs><\/svg>\t\t\t\t<\/span>\n\t\t\t<\/div>\n\t\t\t\n\t\t\t\t\t\t<div class=\"elementor-icon-box-content\">\n\n\t\t\t\t\t\t\t\t\t<h3 class=\"elementor-icon-box-title\">\n\t\t\t\t\t\t<span  >\n\t\t\t\t\t\t\tCalculer l\u2019empreinte carbone d\u2019une entreprise\t\t\t\t\t\t<\/span>\n\t\t\t\t\t<\/h3>\n\t\t\t\t\n\t\t\t\t\n\t\t\t<\/div>\n\t\t\t\n\t\t<\/div>\n\t\t\t\t\t\t<\/div>\n\t\t\t\t<div class=\"elementor-element elementor-element-89163b3 elementor-widget elementor-widget-text-editor\" data-id=\"89163b3\" data-element_type=\"widget\" data-e-type=\"widget\" data-widget_type=\"text-editor.default\">\n\t\t\t\t\t\t\t\t\t<p>Pour calculer l'empreinte carbone d'une entreprise, il est n\u00e9cessaire de commencer par d\u00e9finir le p\u00e9rim\u00e8tre du calcul, incluant les \u00e9missions directes et indirectes associ\u00e9es \u00e0 ses activit\u00e9s. pour cela, une collecte de donn\u00e9es d\u00e9taill\u00e9es et exhaustive est indispensable. Les \u00e9missions sont ensuite calcul\u00e9es en utilisant des facteurs d'\u00e9mission sp\u00e9cifiques pour convertir ces donn\u00e9es en \u00e9quivalents CO2. Consultez notre <a href=\"\/fr\/bilan-carbone\/comment-faire-bilan-carbone\/\">guide<\/a> d\u00e9taill\u00e9 sur le calcul de l\u2019empreinte carbone pour en savoir davantage.<\/p><p>Une fois le calcul de l'emrpeinte carbone effectu\u00e9, l'analyse des r\u00e9sultats permet d'identifier les principales sources d'\u00e9missions et de d\u00e9finir des actions cibl\u00e9es pour les r\u00e9duire. Cela peut inclure des initiatives d'efficacit\u00e9 \u00e9nerg\u00e9tique, l'adoption d'\u00e9nergies renouvelables, ou l'am\u00e9lioration des processus logistiques. Il est essentiel de r\u00e9p\u00e9ter ce calcul r\u00e9guli\u00e8rement pour suivre les progr\u00e8s et ajuster les strat\u00e9gies de r\u00e9duction en cons\u00e9quence. ces actions permettent ainsi aux entreprises de diminuer leur impact environnemental.<\/p>\t\t\t\t\t\t\t\t<\/div>\n\t\t\t\t<div class=\"elementor-element elementor-element-8019fee elementor-position-inline-start elementor-view-default elementor-mobile-position-block-start elementor-widget elementor-widget-icon-box\" data-id=\"8019fee\" data-element_type=\"widget\" data-e-type=\"widget\" data-widget_type=\"icon-box.default\">\n\t\t\t\t\t\t\t<div class=\"elementor-icon-box-wrapper\">\n\n\t\t\t\t\t\t<div class=\"elementor-icon-box-icon\">\n\t\t\t\t<span  class=\"elementor-icon\">\n\t\t\t\t<svg xmlns=\"http:\/\/www.w3.org\/2000\/svg\" width=\"69\" height=\"29\" viewbox=\"0 0 69 29\" fill=\"none\"><g clip-path=\"url(#clip0_24_39)\"><path d=\"M54.5 1H14.5C7.04416 1 1 7.04416 1 14.5C1 21.9558 7.04416 28 14.5 28H54.5C61.9558 28 68 21.9558 68 14.5C68 7.04416 61.9558 1 54.5 1Z\" stroke=\"#2E6BF3\" stroke-width=\"2\"><\/path><path d=\"M57.7071 14.7068C58.0976 14.3163 58.0976 13.6831 57.7071 13.2926L51.3431 6.92863C50.9526 6.53811 50.3195 6.53811 49.9289 6.92863C49.5384 7.31916 49.5384 7.95232 49.9289 8.34285L55.5858 13.9997L49.9289 19.6566C49.5384 20.0471 49.5384 20.6802 49.9289 21.0708C50.3195 21.4613 50.9526 21.4613 51.3431 21.0708L57.7071 14.7068ZM12.5 14.9997H57V12.9997H12.5V14.9997Z\" fill=\"#2E6BF3\"><\/path><\/g><defs><clippath id=\"clip0_24_39\"><rect width=\"69\" height=\"29\" fill=\"white\"><\/rect><\/clippath><\/defs><\/svg>\t\t\t\t<\/span>\n\t\t\t<\/div>\n\t\t\t\n\t\t\t\t\t\t<div class=\"elementor-icon-box-content\">\n\n\t\t\t\t\t\t\t\t\t<h3 class=\"elementor-icon-box-title\">\n\t\t\t\t\t\t<span  >\n\t\t\t\t\t\t\tPourquoi calculer l\u2019empreinte carbone d\u2019une entreprise\t\t\t\t\t\t<\/span>\n\t\t\t\t\t<\/h3>\n\t\t\t\t\n\t\t\t\t\n\t\t\t<\/div>\n\t\t\t\n\t\t<\/div>\n\t\t\t\t\t\t<\/div>\n\t\t\t\t<div class=\"elementor-element elementor-element-6e49031 elementor-widget elementor-widget-text-editor\" data-id=\"6e49031\" data-element_type=\"widget\" data-e-type=\"widget\" data-widget_type=\"text-editor.default\">\n\t\t\t\t\t\t\t\t\t<p><a href=\"https:\/\/d-carbonize.eu\/fr\/blog\/bilan-carbone-pourquoi\/\">Calculer l'empreinte carbone d'une entreprise<\/a> est essentiel non seulement pour respecter les r\u00e9glementations environnementales et \u00e9viter les sanctions, mais \u00e9galement pour identifier les principales sources d'\u00e9missions et d\u00e9couvrir des opportunit\u00e9s d'optimisation des processus qui peuvent conduire \u00e0 des \u00e9conomies significatives.<\/p><p class=\"translation-block\">Cette d\u00e9marche globale permet d\u2019am\u00e9liorer l'image de marque de l'entreprise aux yeux des consommateurs, des partenaires et des investisseurs, tout en stimulant l'innovation et en ouvrant de nouvelles opportunit\u00e9s de march\u00e9. Comprendre et agir sur l\u2019empreinte carbone renforce la r\u00e9silience des entreprises face aux d\u00e9fis climatiques futurs, en faisant de la gestion de l'empreinte carbone un investissement strat\u00e9gique pour la durabilit\u00e9 et la comp\u00e9titivit\u00e9.<\/p><p>D\u00e9couvrez-en plus sur les <a href=\"https:\/\/unfccc.int\/process-and-meetings\/the-paris-agreement\">objectifs<\/a>\u00a0du calcul de l'empreinte carbone dans notre article enti\u00e8rement d\u00e9di\u00e9 \u00e0 ce sujet.<\/p>\t\t\t\t\t\t\t\t<\/div>\n\t\t\t\t<div class=\"elementor-element elementor-element-9d721ca elementor-position-inline-start elementor-view-default elementor-mobile-position-block-start elementor-widget elementor-widget-icon-box\" data-id=\"9d721ca\" data-element_type=\"widget\" data-e-type=\"widget\" data-widget_type=\"icon-box.default\">\n\t\t\t\t\t\t\t<div class=\"elementor-icon-box-wrapper\">\n\n\t\t\t\t\t\t<div class=\"elementor-icon-box-icon\">\n\t\t\t\t<span  class=\"elementor-icon\">\n\t\t\t\t<svg xmlns=\"http:\/\/www.w3.org\/2000\/svg\" width=\"69\" height=\"29\" viewbox=\"0 0 69 29\" fill=\"none\"><g clip-path=\"url(#clip0_24_39)\"><path d=\"M54.5 1H14.5C7.04416 1 1 7.04416 1 14.5C1 21.9558 7.04416 28 14.5 28H54.5C61.9558 28 68 21.9558 68 14.5C68 7.04416 61.9558 1 54.5 1Z\" stroke=\"#2E6BF3\" stroke-width=\"2\"><\/path><path d=\"M57.7071 14.7068C58.0976 14.3163 58.0976 13.6831 57.7071 13.2926L51.3431 6.92863C50.9526 6.53811 50.3195 6.53811 49.9289 6.92863C49.5384 7.31916 49.5384 7.95232 49.9289 8.34285L55.5858 13.9997L49.9289 19.6566C49.5384 20.0471 49.5384 20.6802 49.9289 21.0708C50.3195 21.4613 50.9526 21.4613 51.3431 21.0708L57.7071 14.7068ZM12.5 14.9997H57V12.9997H12.5V14.9997Z\" fill=\"#2E6BF3\"><\/path><\/g><defs><clippath id=\"clip0_24_39\"><rect width=\"69\" height=\"29\" fill=\"white\"><\/rect><\/clippath><\/defs><\/svg>\t\t\t\t<\/span>\n\t\t\t<\/div>\n\t\t\t\n\t\t\t\t\t\t<div class=\"elementor-icon-box-content\">\n\n\t\t\t\t\t\t\t\t\t<h3 class=\"elementor-icon-box-title\">\n\t\t\t\t\t\t<span  >\n\t\t\t\t\t\t\tComment r\u00e9duire l\u2019empreinte carbone d\u2019une entreprise\t\t\t\t\t\t<\/span>\n\t\t\t\t\t<\/h3>\n\t\t\t\t\n\t\t\t\t\n\t\t\t<\/div>\n\t\t\t\n\t\t<\/div>\n\t\t\t\t\t\t<\/div>\n\t\t\t\t<div class=\"elementor-element elementor-element-07e6a9d elementor-widget elementor-widget-text-editor\" data-id=\"07e6a9d\" data-element_type=\"widget\" data-e-type=\"widget\" data-widget_type=\"text-editor.default\">\n\t\t\t\t\t\t\t\t\tPour <a href=\"\/fr\/empreinte-carbone\/reduire\/\"><a href=\"\/fr\/empreinte-carbone\/reduire\/\"> r\u00e9duire leur empreinte carbone <\/a><\/a>, les organisations peuvent mettre en place de nombreuses strat\u00e9gies :\t\t\t\t\t\t\t\t<\/div>\n\t\t\t\t<div class=\"elementor-element elementor-element-abf82d0 elementor-widget elementor-widget-text-editor\" data-id=\"abf82d0\" data-element_type=\"widget\" data-e-type=\"widget\" data-widget_type=\"text-editor.default\">\n\t\t\t\t\t\t\t\t\t<ul><li>R\u00e9aliser un audit \u00e9nerg\u00e9tique pour identifier les principales sources d\u2019\u00e9missions et d\u00e9finir les priorit\u00e9s d\u2019action.<\/li><li>Optimiser les processus pour am\u00e9liorer l\u2019efficacit\u00e9 \u00e9nerg\u00e9tique, par exemple, en modernisant les \u00e9quipements et en am\u00e9liorant l\u2019isolation des b\u00e2timents.<\/li><li>Investir dans les \u00e9nergies renouvelables, comme l\u2019installation de panneaux solaires ou l\u2019achat d\u2019\u00e9nergie verte.<\/li><li>Promouvoir la <a href=\"\/fr\/transition-ecologique\/mobilite-durable\/\"><a href=\"\/fr\/empreinte-carbone\/voiture-thermique\/\">v\u00e9hicules <\/a><\/a> parmi les employ\u00e9s, en encourageant l\u2019utilisation des transports en commun et des voitures \u00e9lectriques plut\u00f4t que des <a href=\"\/fr\/empreinte-carbone\/voiture-thermique\/\">voitures thermiques<\/a>.<\/li><li>Adopter les principes de l' <a href=\"https:\/\/climatepromise.undp.org\/fr\/news-and-stories\/what-is-circular-economy-and-how-it-helps-fight-climate-change\">\u00e9conomie circulaire<\/a>, en recyclant et en r\u00e9duisant les d\u00e9chets.<\/li><li>Compenser les \u00e9missions in\u00e9vitables par des projets de reforestation ou d\u2019autres initiatives de <a href=\"https:\/\/d-carbonize.eu\/fr\/compensation-carbone\/\">compensation carbone.<\/a><\/li><li>Sensibiliser et former les employ\u00e9s sur l\u2019importance des pratiques durables pour encourager une culture de la durabilit\u00e9 au sein de l\u2019entreprise.<\/li><\/ul>\t\t\t\t\t\t\t\t<\/div>\n\t\t\t\t<div class=\"elementor-element elementor-element-493efab elementor-widget elementor-widget-text-editor\" data-id=\"493efab\" data-element_type=\"widget\" data-e-type=\"widget\" data-widget_type=\"text-editor.default\">\n\t\t\t\t\t\t\t\t\t<p class=\"translation-block\">Calculer et r\u00e9duire l'empreinte carbone d'une entreprise n'est pas seulement une question de conformit\u00e9 r\u00e9glementaire ou de responsabilit\u00e9 environnementale, c'est \u00e9galement une opportunit\u00e9 de renforcer la comp\u00e9titivit\u00e9 et l'innovation.\n<br><br>\nEn adoptant des strat\u00e9gies cibl\u00e9es pour diminuer les \u00e9missions de gaz \u00e0 effet de serre, les entreprises peuvent r\u00e9aliser des \u00e9conomies significatives, am\u00e9liorer leur image de marque et se positionner comme des leaders dans la transition vers une \u00e9conomie plus verte. La d\u00e9marche vers la r\u00e9duction de l'empreinte carbone demande un engagement \u00e0 long terme, mais elle est essentielle pour construire un avenir plus durable.<\/p><p>Afin d'atteindre cet objectif le plus rapidemment possible, il existe aujourd'hui un <a href=\"\/fr\/empreinte-carbone\/taxe-carbone\/\">imp\u00f4t environnemental<\/a> pour les \u00e9missions de co2 issues de la combustion de combustibles fossiles (p\u00e9trole, gaz, charbon).<\/p>\t\t\t\t\t\t\t\t<\/div>\n\t\t\t\t<div class=\"elementor-element elementor-element-604a08d elementor-position-inline-start elementor-view-default elementor-mobile-position-block-start elementor-widget elementor-widget-icon-box\" data-id=\"604a08d\" data-element_type=\"widget\" data-e-type=\"widget\" data-widget_type=\"icon-box.default\">\n\t\t\t\t\t\t\t<div class=\"elementor-icon-box-wrapper\">\n\n\t\t\t\t\t\t<div class=\"elementor-icon-box-icon\">\n\t\t\t\t<span  class=\"elementor-icon\">\n\t\t\t\t<svg xmlns=\"http:\/\/www.w3.org\/2000\/svg\" width=\"69\" height=\"29\" viewbox=\"0 0 69 29\" fill=\"none\"><g clip-path=\"url(#clip0_24_39)\"><path d=\"M54.5 1H14.5C7.04416 1 1 7.04416 1 14.5C1 21.9558 7.04416 28 14.5 28H54.5C61.9558 28 68 21.9558 68 14.5C68 7.04416 61.9558 1 54.5 1Z\" stroke=\"#2E6BF3\" stroke-width=\"2\"><\/path><path d=\"M57.7071 14.7068C58.0976 14.3163 58.0976 13.6831 57.7071 13.2926L51.3431 6.92863C50.9526 6.53811 50.3195 6.53811 49.9289 6.92863C49.5384 7.31916 49.5384 7.95232 49.9289 8.34285L55.5858 13.9997L49.9289 19.6566C49.5384 20.0471 49.5384 20.6802 49.9289 21.0708C50.3195 21.4613 50.9526 21.4613 51.3431 21.0708L57.7071 14.7068ZM12.5 14.9997H57V12.9997H12.5V14.9997Z\" fill=\"#2E6BF3\"><\/path><\/g><defs><clippath id=\"clip0_24_39\"><rect width=\"69\" height=\"29\" fill=\"white\"><\/rect><\/clippath><\/defs><\/svg>\t\t\t\t<\/span>\n\t\t\t<\/div>\n\t\t\t\n\t\t\t\t\t\t<div class=\"elementor-icon-box-content\">\n\n\t\t\t\t\t\t\t\t\t<h3 class=\"elementor-icon-box-title\">\n\t\t\t\t\t\t<span  >\n\t\t\t\t\t\t\tComparaison de l'empreintes carbone\t\t\t\t\t\t<\/span>\n\t\t\t\t\t<\/h3>\n\t\t\t\t\n\t\t\t\t\n\t\t\t<\/div>\n\t\t\t\n\t\t<\/div>\n\t\t\t\t\t\t<\/div>\n\t\t\t\t<div class=\"elementor-element elementor-element-66894a9 elementor-widget elementor-widget-text-editor\" data-id=\"66894a9\" data-element_type=\"widget\" data-e-type=\"widget\" data-widget_type=\"text-editor.default\">\n\t\t\t\t\t\t\t\t\t<p><a href=\"\/fr\/empreinte-carbone\/comparaison-secteurs-pays-activites\/\">Comparer l\u2019empreinte carbone<\/a> par <a href=\"https:\/\/d-carbonize.eu\/fr\/comparaison-pays\/\">pays<\/a>, <a href=\"\/fr\/gaz-a-effet-de-serre\/comparaison-emissions-ges-secteurs\/\">secteur<\/a> et activit\u00e9 est essentiel pour comprendre les disparit\u00e9s dans les \u00e9missions de gaz \u00e0 effet de serre.<\/p><p>Chaque r\u00e9gion et chaque secteur \u00e9conomique pr\u00e9sente des sp\u00e9cificit\u00e9s qui influencent leur impact environnemental. Ar exemple, l\u2019empreinte carbone d\u2019une industrie lourde dans un pays fortement industrialis\u00e9 diff\u00e8re de celle d\u2019un secteur tertiaire dans un pays en d\u00e9veloppement.<\/p><p>Cette analyse permet d\u2019identifier les secteurs les plus \u00e9metteurs, de prioriser les efforts de r\u00e9duction, et d\u2019adapter les politiques climatiques aux r\u00e9alit\u00e9s locales pour une d\u00e9carbonation plus efficace et \u00e9quitable.<\/p>\t\t\t\t\t\t\t\t<\/div>\n\t\t\t\t<\/div>\n\t\t\t\t\t<\/div>\n\t\t\t\t<\/div>\n\t\t\t\t<\/div>","protected":false},"excerpt":{"rendered":"<p>L'empreinte carbone des entreprises est un indicateur crucial de leur impact environnemental, mesurant les \u00e9missions totales de gaz \u00e0 effet de serre r\u00e9sultant de leurs activit\u00e9s. cet article explore la d\u00e9finition de l'empreinte carbone, les diff\u00e9rents types d'\u00e9missions de gaz \u00e0 effet de serre, son calcul et les strat\u00e9gies de r\u00e9duction pour les entreprises ainsi que l'importance de cette d\u00e9marche pour respecter les r\u00e9glementations environnementales et identifier des opportunit\u00e9s d'optimisation.<\/p>","protected":false},"author":1,"featured_media":1737,"comment_status":"closed","ping_status":"closed","sticky":false,"template":"","format":"standard","meta":{"_acf_changed":false,"footnotes":""},"categories":[34,1],"tags":[],"class_list":["post-1732","post","type-post","status-publish","format-standard","has-post-thumbnail","hentry","category-beginner","category-blog"],"acf":[],"yoast_head":"<!-- This site is optimized with the Yoast SEO plugin v27.3 - https:\/\/yoast.com\/product\/yoast-seo-wordpress\/ -->\n<title>Carbon footprint: definition, calculation and balance - D-Carbonize<\/title>\n<meta name=\"description\" content=\"Find out more about the definition, calculation and reduction of a company&#039;s carbon footprint with the carbon footprint of organizations.\" \/>\n<meta name=\"robots\" content=\"index, follow, max-snippet:-1, max-image-preview:large, max-video-preview:-1\" \/>\n<link rel=\"canonical\" href=\"https:\/\/d-carbonize.eu\/fr\/empreinte-carbone\/\" \/>\n<meta property=\"og:locale\" content=\"fr_FR\" \/>\n<meta property=\"og:type\" content=\"article\" \/>\n<meta property=\"og:title\" content=\"Carbon footprint: definition, calculation and balance - D-Carbonize\" \/>\n<meta property=\"og:description\" content=\"Find out more about the definition, calculation and reduction of a company&#039;s carbon footprint with the carbon footprint of organizations.\" \/>\n<meta property=\"og:url\" content=\"https:\/\/d-carbonize.eu\/fr\/empreinte-carbone\/\" \/>\n<meta property=\"og:site_name\" content=\"D-Carbonize\" \/>\n<meta property=\"article:published_time\" content=\"2024-03-11T09:56:19+00:00\" \/>\n<meta property=\"article:modified_time\" content=\"2026-02-24T13:56:10+00:00\" \/>\n<meta property=\"og:image\" content=\"https:\/\/d-carbonize.eu\/wp-content\/uploads\/2024\/03\/marcin-jozwiak-NdMcz5d74Ak-unsplash-e1715696438475.webp\" \/>\n\t<meta property=\"og:image:width\" content=\"2560\" \/>\n\t<meta property=\"og:image:height\" content=\"1237\" \/>\n\t<meta property=\"og:image:type\" content=\"image\/webp\" \/>\n<meta name=\"author\" content=\"Jaimish\" \/>\n<meta name=\"twitter:card\" content=\"summary_large_image\" \/>\n<meta name=\"twitter:label1\" content=\"\u00c9crit par\" \/>\n\t<meta name=\"twitter:data1\" content=\"Jaimish\" \/>\n\t<meta name=\"twitter:label2\" content=\"Dur\u00e9e de lecture estim\u00e9e\" \/>\n\t<meta name=\"twitter:data2\" content=\"4 minutes\" \/>\n<script type=\"application\/ld+json\" class=\"yoast-schema-graph\">{\"@context\":\"https:\\\/\\\/schema.org\",\"@graph\":[{\"@type\":\"Article\",\"@id\":\"https:\\\/\\\/d-carbonize.eu\\\/fr\\\/carbon-footprint\\\/#article\",\"isPartOf\":{\"@id\":\"https:\\\/\\\/d-carbonize.eu\\\/fr\\\/carbon-footprint\\\/\"},\"author\":{\"name\":\"Jaimish\",\"@id\":\"https:\\\/\\\/d-carbonize.eu\\\/fr\\\/#\\\/schema\\\/person\\\/b9dac9922f82f032a297605c6ab896cd\"},\"headline\":\"Carbon footprint: definition\",\"datePublished\":\"2024-03-11T09:56:19+00:00\",\"dateModified\":\"2026-02-24T13:56:10+00:00\",\"mainEntityOfPage\":{\"@id\":\"https:\\\/\\\/d-carbonize.eu\\\/fr\\\/carbon-footprint\\\/\"},\"wordCount\":899,\"publisher\":{\"@id\":\"https:\\\/\\\/d-carbonize.eu\\\/fr\\\/#organization\"},\"image\":{\"@id\":\"https:\\\/\\\/d-carbonize.eu\\\/fr\\\/carbon-footprint\\\/#primaryimage\"},\"thumbnailUrl\":\"https:\\\/\\\/d-carbonize.eu\\\/wp-content\\\/uploads\\\/2024\\\/03\\\/marcin-jozwiak-NdMcz5d74Ak-unsplash-e1715696438475.webp\",\"articleSection\":[\"Beginner\",\"Blog\"],\"inLanguage\":\"fr-FR\"},{\"@type\":\"WebPage\",\"@id\":\"https:\\\/\\\/d-carbonize.eu\\\/fr\\\/carbon-footprint\\\/\",\"url\":\"https:\\\/\\\/d-carbonize.eu\\\/fr\\\/carbon-footprint\\\/\",\"name\":\"Carbon footprint: definition, calculation and balance - D-Carbonize\",\"isPartOf\":{\"@id\":\"https:\\\/\\\/d-carbonize.eu\\\/fr\\\/#website\"},\"primaryImageOfPage\":{\"@id\":\"https:\\\/\\\/d-carbonize.eu\\\/fr\\\/carbon-footprint\\\/#primaryimage\"},\"image\":{\"@id\":\"https:\\\/\\\/d-carbonize.eu\\\/fr\\\/carbon-footprint\\\/#primaryimage\"},\"thumbnailUrl\":\"https:\\\/\\\/d-carbonize.eu\\\/wp-content\\\/uploads\\\/2024\\\/03\\\/marcin-jozwiak-NdMcz5d74Ak-unsplash-e1715696438475.webp\",\"datePublished\":\"2024-03-11T09:56:19+00:00\",\"dateModified\":\"2026-02-24T13:56:10+00:00\",\"description\":\"Find out more about the definition, calculation and reduction of a company's carbon footprint with the carbon footprint of organizations.\",\"breadcrumb\":{\"@id\":\"https:\\\/\\\/d-carbonize.eu\\\/fr\\\/carbon-footprint\\\/#breadcrumb\"},\"inLanguage\":\"fr-FR\",\"potentialAction\":[{\"@type\":\"ReadAction\",\"target\":[\"https:\\\/\\\/d-carbonize.eu\\\/fr\\\/carbon-footprint\\\/\"]}]},{\"@type\":\"ImageObject\",\"inLanguage\":\"fr-FR\",\"@id\":\"https:\\\/\\\/d-carbonize.eu\\\/fr\\\/carbon-footprint\\\/#primaryimage\",\"url\":\"https:\\\/\\\/d-carbonize.eu\\\/wp-content\\\/uploads\\\/2024\\\/03\\\/marcin-jozwiak-NdMcz5d74Ak-unsplash-e1715696438475.webp\",\"contentUrl\":\"https:\\\/\\\/d-carbonize.eu\\\/wp-content\\\/uploads\\\/2024\\\/03\\\/marcin-jozwiak-NdMcz5d74Ak-unsplash-e1715696438475.webp\",\"width\":2560,\"height\":1237,\"caption\":\"This image shows that the same greenhouse gas (GHG) emissions are accounted for upstream and downstream by different companies in the carbon footprint.\"},{\"@type\":\"BreadcrumbList\",\"@id\":\"https:\\\/\\\/d-carbonize.eu\\\/fr\\\/carbon-footprint\\\/#breadcrumb\",\"itemListElement\":[{\"@type\":\"ListItem\",\"position\":1,\"name\":\"Home\",\"item\":\"https:\\\/\\\/d-carbonize.eu\\\/\"},{\"@type\":\"ListItem\",\"position\":2,\"name\":\"Carbon footprint: definition\"}]},{\"@type\":\"WebSite\",\"@id\":\"https:\\\/\\\/d-carbonize.eu\\\/fr\\\/#website\",\"url\":\"https:\\\/\\\/d-carbonize.eu\\\/fr\\\/\",\"name\":\"D-Carbonize\",\"description\":\"We Empower organisations to reduce their carbon footprint\",\"publisher\":{\"@id\":\"https:\\\/\\\/d-carbonize.eu\\\/fr\\\/#organization\"},\"potentialAction\":[{\"@type\":\"SearchAction\",\"target\":{\"@type\":\"EntryPoint\",\"urlTemplate\":\"https:\\\/\\\/d-carbonize.eu\\\/fr\\\/?s={search_term_string}\"},\"query-input\":{\"@type\":\"PropertyValueSpecification\",\"valueRequired\":true,\"valueName\":\"search_term_string\"}}],\"inLanguage\":\"fr-FR\"},{\"@type\":\"Organization\",\"@id\":\"https:\\\/\\\/d-carbonize.eu\\\/fr\\\/#organization\",\"name\":\"D-Carbonize\",\"url\":\"https:\\\/\\\/d-carbonize.eu\\\/fr\\\/\",\"logo\":{\"@type\":\"ImageObject\",\"inLanguage\":\"fr-FR\",\"@id\":\"https:\\\/\\\/d-carbonize.eu\\\/fr\\\/#\\\/schema\\\/logo\\\/image\\\/\",\"url\":\"https:\\\/\\\/d-carbonize.eu\\\/wp-content\\\/uploads\\\/2025\\\/09\\\/Figure-\u2192-d-carbo_vertical.svg\",\"contentUrl\":\"https:\\\/\\\/d-carbonize.eu\\\/wp-content\\\/uploads\\\/2025\\\/09\\\/Figure-\u2192-d-carbo_vertical.svg\",\"width\":196,\"height\":25,\"caption\":\"D-Carbonize\"},\"image\":{\"@id\":\"https:\\\/\\\/d-carbonize.eu\\\/fr\\\/#\\\/schema\\\/logo\\\/image\\\/\"}},{\"@type\":\"Person\",\"@id\":\"https:\\\/\\\/d-carbonize.eu\\\/fr\\\/#\\\/schema\\\/person\\\/b9dac9922f82f032a297605c6ab896cd\",\"name\":\"Jaimish\",\"image\":{\"@type\":\"ImageObject\",\"inLanguage\":\"fr-FR\",\"@id\":\"https:\\\/\\\/secure.gravatar.com\\\/avatar\\\/0d0bdf8fd205508c6d53e027742322739a80465e63346ff0e1e7b93ef700479c?s=96&d=mm&r=g\",\"url\":\"https:\\\/\\\/secure.gravatar.com\\\/avatar\\\/0d0bdf8fd205508c6d53e027742322739a80465e63346ff0e1e7b93ef700479c?s=96&d=mm&r=g\",\"contentUrl\":\"https:\\\/\\\/secure.gravatar.com\\\/avatar\\\/0d0bdf8fd205508c6d53e027742322739a80465e63346ff0e1e7b93ef700479c?s=96&d=mm&r=g\",\"caption\":\"Jaimish\"},\"sameAs\":[\"https:\\\/\\\/d-carbonize.eu\"],\"url\":\"https:\\\/\\\/d-carbonize.eu\\\/fr\\\/author\\\/jaimish\\\/\"}]}<\/script>\n<!-- \/ Yoast SEO plugin. -->","yoast_head_json":{"title":"Empreinte carbone : d\u00e9finition, calcul, et r\u00e9duction | D-Carbonize","description":"Quelles est la d\u00e9finition de l'empreinte carbone? Comment et pourquoi la calculer en entreprise? Comment la r\u00e9duire? D\u00e9couvrez en plus.","robots":{"index":"index","follow":"follow","max-snippet":"max-snippet:-1","max-image-preview":"max-image-preview:large","max-video-preview":"max-video-preview:-1"},"canonical":"https:\/\/d-carbonize.eu\/fr\/empreinte-carbone\/","og_locale":"fr_FR","og_type":"article","og_title":"Carbon footprint: definition, calculation and balance - D-Carbonize","og_description":"Find out more about the definition, calculation and reduction of a company's carbon footprint with the carbon footprint of organizations.","og_url":"https:\/\/d-carbonize.eu\/fr\/empreinte-carbone\/","og_site_name":"D-Carbonize","article_published_time":"2024-03-11T09:56:19+00:00","article_modified_time":"2026-02-24T13:56:10+00:00","og_image":[{"width":2560,"height":1237,"url":"https:\/\/d-carbonize.eu\/wp-content\/uploads\/2024\/03\/marcin-jozwiak-NdMcz5d74Ak-unsplash-e1715696438475.webp","type":"image\/webp"}],"author":"Jaimish","twitter_card":"summary_large_image","twitter_misc":{"\u00c9crit par":"Jaimish","Dur\u00e9e de lecture estim\u00e9e":"4 minutes"},"schema":{"@context":"https:\/\/schema.org","@graph":[{"@type":"Article","@id":"https:\/\/d-carbonize.eu\/fr\/carbon-footprint\/#article","isPartOf":{"@id":"https:\/\/d-carbonize.eu\/fr\/carbon-footprint\/"},"author":{"name":"Jaimish","@id":"https:\/\/d-carbonize.eu\/fr\/#\/schema\/person\/b9dac9922f82f032a297605c6ab896cd"},"headline":"Carbon footprint: definition","datePublished":"2024-03-11T09:56:19+00:00","dateModified":"2026-02-24T13:56:10+00:00","mainEntityOfPage":{"@id":"https:\/\/d-carbonize.eu\/fr\/carbon-footprint\/"},"wordCount":899,"publisher":{"@id":"https:\/\/d-carbonize.eu\/fr\/#organization"},"image":{"@id":"https:\/\/d-carbonize.eu\/fr\/carbon-footprint\/#primaryimage"},"thumbnailUrl":"https:\/\/d-carbonize.eu\/wp-content\/uploads\/2024\/03\/marcin-jozwiak-NdMcz5d74Ak-unsplash-e1715696438475.webp","articleSection":["Beginner","Blog"],"inLanguage":"fr-FR"},{"@type":"WebPage","@id":"https:\/\/d-carbonize.eu\/fr\/carbon-footprint\/","url":"https:\/\/d-carbonize.eu\/fr\/carbon-footprint\/","name":"Empreinte carbone : d\u00e9finition, calcul, et r\u00e9duction | D-Carbonize","isPartOf":{"@id":"https:\/\/d-carbonize.eu\/fr\/#website"},"primaryImageOfPage":{"@id":"https:\/\/d-carbonize.eu\/fr\/carbon-footprint\/#primaryimage"},"image":{"@id":"https:\/\/d-carbonize.eu\/fr\/carbon-footprint\/#primaryimage"},"thumbnailUrl":"https:\/\/d-carbonize.eu\/wp-content\/uploads\/2024\/03\/marcin-jozwiak-NdMcz5d74Ak-unsplash-e1715696438475.webp","datePublished":"2024-03-11T09:56:19+00:00","dateModified":"2026-02-24T13:56:10+00:00","description":"Quelles est la d\u00e9finition de l'empreinte carbone? Comment et pourquoi la calculer en entreprise? Comment la r\u00e9duire? D\u00e9couvrez en plus.","breadcrumb":{"@id":"https:\/\/d-carbonize.eu\/fr\/carbon-footprint\/#breadcrumb"},"inLanguage":"fr-FR","potentialAction":[{"@type":"ReadAction","target":["https:\/\/d-carbonize.eu\/fr\/carbon-footprint\/"]}]},{"@type":"ImageObject","inLanguage":"fr-FR","@id":"https:\/\/d-carbonize.eu\/fr\/carbon-footprint\/#primaryimage","url":"https:\/\/d-carbonize.eu\/wp-content\/uploads\/2024\/03\/marcin-jozwiak-NdMcz5d74Ak-unsplash-e1715696438475.webp","contentUrl":"https:\/\/d-carbonize.eu\/wp-content\/uploads\/2024\/03\/marcin-jozwiak-NdMcz5d74Ak-unsplash-e1715696438475.webp","width":2560,"height":1237,"caption":"This image shows that the same greenhouse gas (GHG) emissions are accounted for upstream and downstream by different companies in the carbon footprint."},{"@type":"BreadcrumbList","@id":"https:\/\/d-carbonize.eu\/fr\/carbon-footprint\/#breadcrumb","itemListElement":[{"@type":"ListItem","position":1,"name":"Home","item":"https:\/\/d-carbonize.eu\/"},{"@type":"ListItem","position":2,"name":"Carbon footprint: definition"}]},{"@type":"WebSite","@id":"https:\/\/d-carbonize.eu\/fr\/#website","url":"https:\/\/d-carbonize.eu\/fr\/","name":"D-Carbonize","description":"Nous donnons aux organisations les moyens de r\u00e9duire leur empreinte carbone","publisher":{"@id":"https:\/\/d-carbonize.eu\/fr\/#organization"},"potentialAction":[{"@type":"SearchAction","target":{"@type":"EntryPoint","urlTemplate":"https:\/\/d-carbonize.eu\/fr\/?s={search_term_string}"},"query-input":{"@type":"PropertyValueSpecification","valueRequired":true,"valueName":"search_term_string"}}],"inLanguage":"fr-FR"},{"@type":"Organization","@id":"https:\/\/d-carbonize.eu\/fr\/#organization","name":"D-Carbonize","url":"https:\/\/d-carbonize.eu\/fr\/","logo":{"@type":"ImageObject","inLanguage":"fr-FR","@id":"https:\/\/d-carbonize.eu\/fr\/#\/schema\/logo\/image\/","url":"https:\/\/d-carbonize.eu\/wp-content\/uploads\/2025\/09\/Figure-\u2192-d-carbo_vertical.svg","contentUrl":"https:\/\/d-carbonize.eu\/wp-content\/uploads\/2025\/09\/Figure-\u2192-d-carbo_vertical.svg","width":196,"height":25,"caption":"D-Carbonize"},"image":{"@id":"https:\/\/d-carbonize.eu\/fr\/#\/schema\/logo\/image\/"}},{"@type":"Person","@id":"https:\/\/d-carbonize.eu\/fr\/#\/schema\/person\/b9dac9922f82f032a297605c6ab896cd","name":"Jaimish","image":{"@type":"ImageObject","inLanguage":"fr-FR","@id":"https:\/\/secure.gravatar.com\/avatar\/0d0bdf8fd205508c6d53e027742322739a80465e63346ff0e1e7b93ef700479c?s=96&d=mm&r=g","url":"https:\/\/secure.gravatar.com\/avatar\/0d0bdf8fd205508c6d53e027742322739a80465e63346ff0e1e7b93ef700479c?s=96&d=mm&r=g","contentUrl":"https:\/\/secure.gravatar.com\/avatar\/0d0bdf8fd205508c6d53e027742322739a80465e63346ff0e1e7b93ef700479c?s=96&d=mm&r=g","caption":"Jaimish"},"sameAs":["https:\/\/d-carbonize.eu"],"url":"https:\/\/d-carbonize.eu\/fr\/author\/jaimish\/"}]}},"_links":{"self":[{"href":"https:\/\/d-carbonize.eu\/fr\/wp-json\/wp\/v2\/posts\/1732","targetHints":{"allow":["GET"]}}],"collection":[{"href":"https:\/\/d-carbonize.eu\/fr\/wp-json\/wp\/v2\/posts"}],"about":[{"href":"https:\/\/d-carbonize.eu\/fr\/wp-json\/wp\/v2\/types\/post"}],"author":[{"embeddable":true,"href":"https:\/\/d-carbonize.eu\/fr\/wp-json\/wp\/v2\/users\/1"}],"replies":[{"embeddable":true,"href":"https:\/\/d-carbonize.eu\/fr\/wp-json\/wp\/v2\/comments?post=1732"}],"version-history":[{"count":129,"href":"https:\/\/d-carbonize.eu\/fr\/wp-json\/wp\/v2\/posts\/1732\/revisions"}],"predecessor-version":[{"id":15373,"href":"https:\/\/d-carbonize.eu\/fr\/wp-json\/wp\/v2\/posts\/1732\/revisions\/15373"}],"wp:featuredmedia":[{"embeddable":true,"href":"https:\/\/d-carbonize.eu\/fr\/wp-json\/wp\/v2\/media\/1737"}],"wp:attachment":[{"href":"https:\/\/d-carbonize.eu\/fr\/wp-json\/wp\/v2\/media?parent=1732"}],"wp:term":[{"taxonomy":"category","embeddable":true,"href":"https:\/\/d-carbonize.eu\/fr\/wp-json\/wp\/v2\/categories?post=1732"},{"taxonomy":"post_tag","embeddable":true,"href":"https:\/\/d-carbonize.eu\/fr\/wp-json\/wp\/v2\/tags?post=1732"}],"curies":[{"name":"wp","href":"https:\/\/api.w.org\/{rel}","templated":true}]}}