{"id":1800,"date":"2024-11-19T10:24:48","date_gmt":"2024-11-19T10:24:48","guid":{"rendered":"https:\/\/d-carbonize.eu\/?p=1800"},"modified":"2026-03-10T13:35:28","modified_gmt":"2026-03-10T13:35:28","slug":"transition-ecologique","status":"publish","type":"post","link":"https:\/\/d-carbonize.eu\/fr\/ecological-transition\/","title":{"rendered":"Qu\u2019est-ce que la transition \u00e9cologique ?"},"content":{"rendered":"<div id=\"bsf_rt_marker\"><\/div>\t\t<div data-elementor-type=\"wp-post\" data-elementor-id=\"1800\" class=\"elementor elementor-1800\" data-elementor-post-type=\"post\">\n\t\t\t\t<div class=\"elementor-element elementor-element-a8c0a35 e-flex e-con-boxed e-con e-parent\" data-id=\"a8c0a35\" data-element_type=\"container\" data-e-type=\"container\">\n\t\t\t\t\t<div class=\"e-con-inner\">\n\t\t\t\t<div class=\"elementor-element elementor-element-1e9a746 elementor-widget__width-inherit elementor-widget elementor-widget-image\" data-id=\"1e9a746\" data-element_type=\"widget\" data-e-type=\"widget\" data-widget_type=\"image.default\">\n\t\t\t\t\t\t\t\t\t\t\t\t\t\t\t<img fetchpriority=\"high\" decoding=\"async\" width=\"1024\" height=\"683\" src=\"https:\/\/d-carbonize.eu\/wp-content\/uploads\/2025\/09\/Quest-ce-que-la-transition-ecologique-1024x683-1.webp\" class=\"attachment-full size-full wp-image-1801\" alt=\"Qu&#039;est-ce que la transition \u00e9cologique ?\" srcset=\"https:\/\/d-carbonize.eu\/wp-content\/uploads\/2025\/09\/Quest-ce-que-la-transition-ecologique-1024x683-1.webp 1024w, https:\/\/d-carbonize.eu\/wp-content\/uploads\/2025\/09\/Quest-ce-que-la-transition-ecologique-1024x683-1-300x200.webp 300w, https:\/\/d-carbonize.eu\/wp-content\/uploads\/2025\/09\/Quest-ce-que-la-transition-ecologique-1024x683-1-768x512.webp 768w\" sizes=\"(max-width: 1024px) 100vw, 1024px\" \/>\t\t\t\t\t\t\t\t\t\t\t\t\t\t\t<\/div>\n\t\t<div class=\"elementor-element elementor-element-f1914af e-con-full e-flex e-con e-child\" data-id=\"f1914af\" data-element_type=\"container\" data-e-type=\"container\">\n\t\t\t\t<div class=\"elementor-element elementor-element-5d07e16 elementor-widget elementor-widget-heading\" data-id=\"5d07e16\" data-element_type=\"widget\" data-e-type=\"widget\" data-widget_type=\"heading.default\">\n\t\t\t\t\t<h2 class=\"elementor-heading-title elementor-size-default\">D\u00e9finition de la transition \u00e9cologique\n<\/h2>\t\t\t\t<\/div>\n\t\t\t\t<div class=\"elementor-element elementor-element-5a8f3de elementor-widget elementor-widget-text-editor\" data-id=\"5a8f3de\" data-element_type=\"widget\" data-e-type=\"widget\" data-widget_type=\"text-editor.default\">\n\t\t\t\t\t\t\t\t\t<p>La transition \u00e9cologique est un processus qui vise \u00e0 transformer les modes de production et de consommation pour pr\u00e9server l\u2019environnement et lutter contre le r\u00e9chauffement climatique. Son objectif principal est de passer d\u2019un mod\u00e8le \u00e9conomique bas\u00e9 sur des \u00e9nergies polluantes et une exploitation excessive des ressources naturelles \u00e0 un mod\u00e8le plus durable, qui privil\u00e9gie les \u00e9nergies renouvelables, limite les d\u00e9chets et respecte les \u00e9cosyst\u00e8mes.<\/p><p>Il convient de ne pas confondre la transition \u00e9cologique avec la transition \u00e9nerg\u00e9tique, qui se concentre sp\u00e9cifiquement sur le remplacement des \u00e9nergies fossiles par des sources d\u2019\u00e9nergie verte, la transition \u00e9cologique englobe un changement plus large.<\/p>\t\t\t\t\t\t\t\t<\/div>\n\t\t\t\t<div class=\"elementor-element elementor-element-742e6da elementor-widget elementor-widget-heading\" data-id=\"742e6da\" data-element_type=\"widget\" data-e-type=\"widget\" data-widget_type=\"heading.default\">\n\t\t\t\t\t<h2 class=\"elementor-heading-title elementor-size-default\">Pourquoi la transition \u00e9cologique est essentielle ?<\/h2>\t\t\t\t<\/div>\n\t\t\t\t<div class=\"elementor-element elementor-element-4270bc6 elementor-widget elementor-widget-text-editor\" data-id=\"4270bc6\" data-element_type=\"widget\" data-e-type=\"widget\" data-widget_type=\"text-editor.default\">\n\t\t\t\t\t\t\t\t\t<p>La transition \u00e9cologique est essentielle pour r\u00e9pondre aux enjeux environnementaux urgents. Le changement climatique, la perte de biodiversit\u00e9, la pollution et l\u2019\u00e9puisement des ressources menacent directement les \u00e9cosyst\u00e8mes. En <a href=\"\/fr\/empreinte-carbone\/reduire\/\">r\u00e9duisant les \u00e9missions de gaz \u00e0 effet de serre<\/a> et en pr\u00e9servant les ressources naturelles, la transition \u00e9cologique vise \u00e0 limiter ces impacts.<\/p><p>Les cons\u00e9quences de ces d\u00e9r\u00e8glements touchent aussi bien la sant\u00e9 que la soci\u00e9t\u00e9 et l\u2019\u00e9conomie. La pollution de l\u2019air et de l\u2019eau provoque des maladies respiratoires et infectieuses, tandis que le changement climatique entra\u00eene des \u00e9v\u00e9nements climatiques extr\u00eames (inondations, s\u00e9cheresses) qui affectent les infrastructures et l\u2019agriculture. Ces perturbations fragilisent donc l\u2019\u00e9conomie mondiale et accentuent les in\u00e9galit\u00e9s sociales.<\/p>\t\t\t\t\t\t\t\t<\/div>\n\t\t\t\t<div class=\"elementor-element elementor-element-58d21b5 elementor-widget elementor-widget-heading\" data-id=\"58d21b5\" data-element_type=\"widget\" data-e-type=\"widget\" data-widget_type=\"heading.default\">\n\t\t\t\t\t<h2 class=\"elementor-heading-title elementor-size-default\">Les objectifs de la transition \u00e9cologique\n<\/h2>\t\t\t\t<\/div>\n\t\t\t\t<div class=\"elementor-element elementor-element-474e247 elementor-widget elementor-widget-text-editor\" data-id=\"474e247\" data-element_type=\"widget\" data-e-type=\"widget\" data-widget_type=\"text-editor.default\">\n\t\t\t\t\t\t\t\t\t<p>La transition \u00e9cologique repose sur l\u2019action concert\u00e9e de diff\u00e9rents acteurs. Les gouvernements jouent un r\u00f4le essentiel en instaurant des politiques publiques, des lois et en signant des accords internationaux comme l\u2019 <a href=\"https:\/\/d-carbonize.eu\/fr\/comparaison-pays\/\">Empreinte carbone<\/a>pour r\u00e9duire les \u00e9missions de co2. Ils fixent les cadres l\u00e9gaux qui encouragent la durabilit\u00e9 et soutiennent les initiatives \u00e9cologiques.<\/p><p>Enfin, la transition \u00e9cologique promeut une \u00e9conomie circulaire et durable, o\u00f9 les ressources sont mieux utilis\u00e9es, les d\u00e9chets minimis\u00e9s, et les produits r\u00e9utilis\u00e9s ou recycl\u00e9s. Ce mod\u00e8le \u00e9conomique privil\u00e9gie des cycles de production plus respectueux de l\u2019environnement, permettant de r\u00e9pondre aux besoins tout en prot\u00e9geant les ressources pour les g\u00e9n\u00e9rations futures.<\/p>\t\t\t\t\t\t\t\t<\/div>\n\t\t\t\t<div class=\"elementor-element elementor-element-3f11f16 elementor-widget elementor-widget-heading\" data-id=\"3f11f16\" data-element_type=\"widget\" data-e-type=\"widget\" data-widget_type=\"heading.default\">\n\t\t\t\t\t<h2 class=\"elementor-heading-title elementor-size-default\">Les acteurs de la transition \u00e9cologique\n<\/h2>\t\t\t\t<\/div>\n\t\t\t\t<div class=\"elementor-element elementor-element-b3b0266 elementor-widget elementor-widget-text-editor\" data-id=\"b3b0266\" data-element_type=\"widget\" data-e-type=\"widget\" data-widget_type=\"text-editor.default\">\n\t\t\t\t\t\t\t\t\t<p>La transition \u00e9cologique repose sur l\u2019action concert\u00e9e de diff\u00e9rents acteurs. Les gouvernements jouent un r\u00f4le essentiel en instaurant des politiques publiques, des lois et en signant des accords internationaux comme l\u2019 <a href=\"https:\/\/unfccc.int\/fr\/a-propos-des-ndcs\/l-accord-de-paris\">Accords de Paris<\/a> pour r\u00e9duire les \u00e9missions de co2. Ils fixent les cadres l\u00e9gaux qui encouragent la durabilit\u00e9 et soutiennent les initiatives \u00e9cologiques.<\/p><p>Le r\u00f4le des entreprises est \u00e9galement crucial, avec de cr\u00e9ation de produits plus innovants et des proc\u00e9d\u00e9s plus respectueux de l\u2019environnement. Elles contribuent \u00e0 transformer les mod\u00e8les de production pour limiter leur impact \u00e9cologique.<\/p><p>Enfin, les citoyens ont un r\u00f4le cl\u00e9 \u00e0 travers leurs choix de consommation responsable et leur engagement local. En adoptant des habitudes de vie plus \u00e9cologiques, ils influencent la demande pour des produits et services durables, et permettent ainsi d\u2019 acc\u00e9l\u00e9rer la transition \u00e9cologique.<\/p>\t\t\t\t\t\t\t\t<\/div>\n\t\t\t\t<div class=\"elementor-element elementor-element-b0d2b70 elementor-widget elementor-widget-heading\" data-id=\"b0d2b70\" data-element_type=\"widget\" data-e-type=\"widget\" data-widget_type=\"heading.default\">\n\t\t\t\t\t<h2 class=\"elementor-heading-title elementor-size-default\">Les secteurs impact\u00e9s par la transition \u00e9cologique\n<\/h2>\t\t\t\t<\/div>\n\t\t\t\t<div class=\"elementor-element elementor-element-d577d66 elementor-widget elementor-widget-heading\" data-id=\"d577d66\" data-element_type=\"widget\" data-e-type=\"widget\" data-widget_type=\"heading.default\">\n\t\t\t\t\t<p class=\"elementor-heading-title elementor-size-default\">La transition \u00e9cologique touche plusieurs <a href=\"\/fr\/gaz-a-effet-de-serre\/comparaison-emissions-ges-secteurs\/\">secteurs<\/a>:\n\n<\/p>\t\t\t\t<\/div>\n\t\t\t\t<div class=\"elementor-element elementor-element-d1e13dd elementor-icon-list--layout-traditional elementor-list-item-link-full_width elementor-widget elementor-widget-icon-list\" data-id=\"d1e13dd\" data-element_type=\"widget\" data-e-type=\"widget\" data-widget_type=\"icon-list.default\">\n\t\t\t\t\t\t\t<ul class=\"elementor-icon-list-items\">\n\t\t\t\t\t\t\t<li class=\"elementor-icon-list-item\">\n\t\t\t\t\t\t\t\t\t\t\t<span class=\"elementor-icon-list-icon\">\n\t\t\t\t\t\t\t<svg aria-hidden=\"true\" class=\"e-font-icon-svg e-fas-gas-pump\" viewbox=\"0 0 512 512\" xmlns=\"http:\/\/www.w3.org\/2000\/svg\"><path d=\"M336 448H16c-8.8 0-16 7.2-16 16v32c0 8.8 7.2 16 16 16h320c8.8 0 16-7.2 16-16v-32c0-8.8-7.2-16-16-16zm157.2-340.7l-81-81c-6.2-6.2-16.4-6.2-22.6 0l-11.3 11.3c-6.2 6.2-6.2 16.4 0 22.6L416 97.9V160c0 28.1 20.9 51.3 48 55.2V376c0 13.2-10.8 24-24 24s-24-10.8-24-24v-32c0-48.6-39.4-88-88-88h-8V64c0-35.3-28.7-64-64-64H96C60.7 0 32 28.7 32 64v352h288V304h8c22.1 0 40 17.9 40 40v27.8c0 37.7 27 72 64.5 75.9 43 4.3 79.5-29.5 79.5-71.7V152.6c0-17-6.8-33.3-18.8-45.3zM256 192H96V64h160v128z\"><\/path><\/svg>\t\t\t\t\t\t<\/span>\n\t\t\t\t\t\t\t\t\t\t<span class=\"elementor-icon-list-text\">Dans l\u2019\u00e9nergie, le passage des combustibles fossiles aux \u00e9nergies renouvelables est essentiel pour r\u00e9duire les \u00e9missions de gaz \u00e0 effet de serre.<\/span>\n\t\t\t\t\t\t\t\t\t<\/li>\n\t\t\t\t\t\t\t\t<li class=\"elementor-icon-list-item\">\n\t\t\t\t\t\t\t\t\t\t\t<span class=\"elementor-icon-list-icon\">\n\t\t\t\t\t\t\t<svg aria-hidden=\"true\" class=\"e-font-icon-svg e-fas-gas-pump\" viewbox=\"0 0 512 512\" xmlns=\"http:\/\/www.w3.org\/2000\/svg\"><path d=\"M336 448H16c-8.8 0-16 7.2-16 16v32c0 8.8 7.2 16 16 16h320c8.8 0 16-7.2 16-16v-32c0-8.8-7.2-16-16-16zm157.2-340.7l-81-81c-6.2-6.2-16.4-6.2-22.6 0l-11.3 11.3c-6.2 6.2-6.2 16.4 0 22.6L416 97.9V160c0 28.1 20.9 51.3 48 55.2V376c0 13.2-10.8 24-24 24s-24-10.8-24-24v-32c0-48.6-39.4-88-88-88h-8V64c0-35.3-28.7-64-64-64H96C60.7 0 32 28.7 32 64v352h288V304h8c22.1 0 40 17.9 40 40v27.8c0 37.7 27 72 64.5 75.9 43 4.3 79.5-29.5 79.5-71.7V152.6c0-17-6.8-33.3-18.8-45.3zM256 192H96V64h160v128z\"><\/path><\/svg>\t\t\t\t\t\t<\/span>\n\t\t\t\t\t\t\t\t\t\t<span class=\"elementor-icon-list-text\">L\u2019agriculture et l\u2019alimentation sont \u00e9galement impact\u00e9es : il s\u2019agit de promouvoir des pratiques agricoles plus durables et une alimentation locale et moins carn\u00e9e, pour limiter l\u2019empreinte \u00e9cologique.<\/span>\n\t\t\t\t\t\t\t\t\t<\/li>\n\t\t\t\t\t\t\t\t<li class=\"elementor-icon-list-item\">\n\t\t\t\t\t\t\t\t\t\t\t<span class=\"elementor-icon-list-icon\">\n\t\t\t\t\t\t\t<svg aria-hidden=\"true\" class=\"e-font-icon-svg e-fas-gas-pump\" viewbox=\"0 0 512 512\" xmlns=\"http:\/\/www.w3.org\/2000\/svg\"><path d=\"M336 448H16c-8.8 0-16 7.2-16 16v32c0 8.8 7.2 16 16 16h320c8.8 0 16-7.2 16-16v-32c0-8.8-7.2-16-16-16zm157.2-340.7l-81-81c-6.2-6.2-16.4-6.2-22.6 0l-11.3 11.3c-6.2 6.2-6.2 16.4 0 22.6L416 97.9V160c0 28.1 20.9 51.3 48 55.2V376c0 13.2-10.8 24-24 24s-24-10.8-24-24v-32c0-48.6-39.4-88-88-88h-8V64c0-35.3-28.7-64-64-64H96C60.7 0 32 28.7 32 64v352h288V304h8c22.1 0 40 17.9 40 40v27.8c0 37.7 27 72 64.5 75.9 43 4.3 79.5-29.5 79.5-71.7V152.6c0-17-6.8-33.3-18.8-45.3zM256 192H96V64h160v128z\"><\/path><\/svg>\t\t\t\t\t\t<\/span>\n\t\t\t\t\t\t\t\t\t\t<span class=\"elementor-icon-list-text\">Le secteur du transport \u00e9volue vers des solutions plus \u00e9cologiques, comme les v\u00e9hicules \u00e9lectriques et les infrastructures pour mobilit\u00e9s douces, afin de r\u00e9duire les \u00e9missions et la pollution urbaine.<\/span>\n\t\t\t\t\t\t\t\t\t<\/li>\n\t\t\t\t\t\t\t\t<li class=\"elementor-icon-list-item\">\n\t\t\t\t\t\t\t\t\t\t\t<span class=\"elementor-icon-list-icon\">\n\t\t\t\t\t\t\t<svg aria-hidden=\"true\" class=\"e-font-icon-svg e-fas-gas-pump\" viewbox=\"0 0 512 512\" xmlns=\"http:\/\/www.w3.org\/2000\/svg\"><path d=\"M336 448H16c-8.8 0-16 7.2-16 16v32c0 8.8 7.2 16 16 16h320c8.8 0 16-7.2 16-16v-32c0-8.8-7.2-16-16-16zm157.2-340.7l-81-81c-6.2-6.2-16.4-6.2-22.6 0l-11.3 11.3c-6.2 6.2-6.2 16.4 0 22.6L416 97.9V160c0 28.1 20.9 51.3 48 55.2V376c0 13.2-10.8 24-24 24s-24-10.8-24-24v-32c0-48.6-39.4-88-88-88h-8V64c0-35.3-28.7-64-64-64H96C60.7 0 32 28.7 32 64v352h288V304h8c22.1 0 40 17.9 40 40v27.8c0 37.7 27 72 64.5 75.9 43 4.3 79.5-29.5 79.5-71.7V152.6c0-17-6.8-33.3-18.8-45.3zM256 192H96V64h160v128z\"><\/path><\/svg>\t\t\t\t\t\t<\/span>\n\t\t\t\t\t\t\t\t\t\t<span class=\"elementor-icon-list-text\">L\u2019industrie adopte des pratiques d\u2019\u00e9conomie circulaire pour limiter les d\u00e9chets et encourager le recyclage, r\u00e9duisant ainsi la consommation de ressources et l\u2019impact environnemental.<\/span>\n\t\t\t\t\t\t\t\t\t<\/li>\n\t\t\t\t\t\t<\/ul>\n\t\t\t\t\t\t<\/div>\n\t\t\t\t<\/div>\n\t\t<div class=\"elementor-element elementor-element-e3d9862 e-con-full e-flex e-con e-child\" data-id=\"e3d9862\" data-element_type=\"container\" data-e-type=\"container\" data-settings=\"{&quot;background_background&quot;:&quot;classic&quot;}\">\n\t\t<div class=\"elementor-element elementor-element-0c7e0a8 e-con-full e-flex e-con e-child\" data-id=\"0c7e0a8\" data-element_type=\"container\" data-e-type=\"container\">\n\t\t\t\t<div class=\"elementor-element elementor-element-cf0d5e4 elementor-widget__width-initial elementor-widget elementor-widget-heading\" data-id=\"cf0d5e4\" data-element_type=\"widget\" data-e-type=\"widget\" data-widget_type=\"heading.default\">\n\t\t\t\t\t<h2 class=\"elementor-heading-title elementor-size-default\">Votre empreinte carbone gratuite vous attend!<\/h2>\t\t\t\t<\/div>\n\t\t\t\t<div class=\"elementor-element elementor-element-8a7fc49 elementor-widget elementor-widget-heading\" data-id=\"8a7fc49\" data-element_type=\"widget\" data-e-type=\"widget\" data-widget_type=\"heading.default\">\n\t\t\t\t\t<p class=\"elementor-heading-title elementor-size-default\">Enregistrez-vous \u00e0 notre essai gratuit, r\u00e9pondez \u00e0 20 questions, et recevez votre empreinte carbone!<\/p>\t\t\t\t<\/div>\n\t\t\t\t<div class=\"elementor-element elementor-element-4ef3c61 elementor-widget elementor-widget-button\" data-id=\"4ef3c61\" data-element_type=\"widget\" data-e-type=\"widget\" data-settings=\"{&quot;motion_fx_motion_fx_mouse&quot;:&quot;yes&quot;}\" data-widget_type=\"button.default\">\n\t\t\t\t\t\t\t\t\t\t<a class=\"elementor-button elementor-button-link elementor-size-sm\" href=\"https:\/\/scan.carbon-cockpit.eu\/auth\/login\">\n\t\t\t\t\t\t<span class=\"elementor-button-content-wrapper\">\n\t\t\t\t\t\t\t\t\t<span class=\"elementor-button-text\">D\u00e9marrer<\/span>\n\t\t\t\t\t<\/span>\n\t\t\t\t\t<\/a>\n\t\t\t\t\t\t\t\t<\/div>\n\t\t\t\t<\/div>\n\t\t\t\t<\/div>\n\t\t<div class=\"elementor-element elementor-element-b13a3e3 e-con-full e-flex e-con e-child\" data-id=\"b13a3e3\" data-element_type=\"container\" data-e-type=\"container\">\n\t\t\t\t<div class=\"elementor-element elementor-element-2113cff elementor-widget elementor-widget-heading\" data-id=\"2113cff\" data-element_type=\"widget\" data-e-type=\"widget\" data-widget_type=\"heading.default\">\n\t\t\t\t\t<h2 class=\"elementor-heading-title elementor-size-default\">Les outils et indicateurs pour suivre la transition \u00e9cologique\n<\/h2>\t\t\t\t<\/div>\n\t\t\t\t<div class=\"elementor-element elementor-element-dbf1a34 elementor-widget elementor-widget-text-editor\" data-id=\"dbf1a34\" data-element_type=\"widget\" data-e-type=\"widget\" data-widget_type=\"text-editor.default\">\n\t\t\t\t\t\t\t\t\t<p class=\"translation-block\">Pour \u00e9valuer les progr\u00e8s de la transition \u00e9cologique, plusieurs outils et indicateurs cl\u00e9s sont utilis\u00e9s, comme l\u2019empreinte carbone, qui mesure les \u00e9missions de co\u2082 g\u00e9n\u00e9r\u00e9es par les activit\u00e9s humaines. Les indicateurs de durabilit\u00e9, quant \u00e0 eux, offrent une vision plus large en \u00e9valuant l\u2019impact sur l\u2019environnement, la biodiversit\u00e9 et les ressources naturelles. Les <a href=\"https:\/\/www.un.org\/sustainabledevelopment\/fr\/objectifs-de-developpement-durable\/\">objectifs de d\u00e9veloppement durable (ODD)<\/a> des nations unies sont une r\u00e9f\u00e9rence mondiale qui permettent de guider les actions des gouvernements, entreprises et citoyens pour atteindre des pratiques durables.<\/p><p>Companies use indicators such as the carbon footprint produced using specific software such as <a href=\"https:\/\/d-carbonize.eu\/fr\/produit\/\">D-Carbonize<\/a>Les entreprises utilisent des indicateurs comme le bilan carbone r\u00e9alis\u00e9 gr\u00e2ce \u00e0 des logiciels sp\u00e9cifiques comme <a href=\"\/fr\/solutions\/carbon-cockpit-scan\/\">D-Carbonize<\/a>, les analyses de cycle de vie et les rapports ESG (environnement, social, gouvernance) pour ajuster leurs strat\u00e9gies environnementales. Pour les gouvernements, des indices globaux, comme l\u2019indice de performance environnementale, permettent d\u2019\u00e9valuer l\u2019efficacit\u00e9 des politiques mises en place. Ces outils et indicateurs sont essentiels pour mesurer les avanc\u00e9es, identifier les points d\u2019am\u00e9lioration et maintenir un cap vers une transition \u00e9cologique r\u00e9ussie.<\/p>\t\t\t\t\t\t\t\t<\/div>\n\t\t\t\t<div class=\"elementor-element elementor-element-96cbf09 elementor-widget elementor-widget-heading\" data-id=\"96cbf09\" data-element_type=\"widget\" data-e-type=\"widget\" data-widget_type=\"heading.default\">\n\t\t\t\t\t<h2 class=\"elementor-heading-title elementor-size-default\">Les leviers pour r\u00e9ussir la transition \u00e9cologique\n<\/h2>\t\t\t\t<\/div>\n\t\t\t\t<div class=\"elementor-element elementor-element-0c8c38c elementor-widget elementor-widget-text-editor\" data-id=\"0c8c38c\" data-element_type=\"widget\" data-e-type=\"widget\" data-widget_type=\"text-editor.default\">\n\t\t\t\t\t\t\t\t\t<p class=\"translation-block\">Les innovations technologiques, comme les \u00e9nergies renouvelables, le recyclage avanc\u00e9, et les technologies bas carbone, jouent un r\u00f4le central dans la r\u00e9duction de l\u2019empreinte \u00e9cologique des activit\u00e9s humaines. L\u2019\u00e9ducation et la sensibilisation sont \u00e9galement des leviers indispensables pour encourager des comportements durables.<\/p><p>Enfin, le financement et les subventions permettent de soutenir les initiatives vertes. Les investissements publics et priv\u00e9s favorisent le d\u00e9veloppement de projets \u00e9cologiques et encouragent les entreprises et collectivit\u00e9s \u00e0 adopter des pratiques respectueuses de l\u2019environnement. Ces leviers combin\u00e9s permettent d\u2019acc\u00e9l\u00e9rer la transition vers un mod\u00e8le \u00e9conomique durable.<\/p>\t\t\t\t\t\t\t\t<\/div>\n\t\t\t\t<div class=\"elementor-element elementor-element-ad997a3 elementor-widget elementor-widget-heading\" data-id=\"ad997a3\" data-element_type=\"widget\" data-e-type=\"widget\" data-widget_type=\"heading.default\">\n\t\t\t\t\t<h2 class=\"elementor-heading-title elementor-size-default\">Les d\u00e9fis de la transition \u00e9cologique\n<\/h2>\t\t\t\t<\/div>\n\t\t\t\t<div class=\"elementor-element elementor-element-71877c4 elementor-widget elementor-widget-text-editor\" data-id=\"71877c4\" data-element_type=\"widget\" data-e-type=\"widget\" data-widget_type=\"text-editor.default\">\n\t\t\t\t\t\t\t\t\t<p>La transition \u00e9cologique pr\u00e9sente des d\u00e9fis majeurs, dont les co\u00fbts financiers \u00e9lev\u00e9s et les investissements n\u00e9cessaires pour transformer les infrastructures et adopter des technologies durables. Les obstacles politiques et \u00e9conomiques sont \u00e9galement importants : avec des r\u00e9gulations \u00e0 harmoniser et des politiques \u00e9nerg\u00e9tiques \u00e0 adapter.<\/p><p>Enfin, les habitudes de consommation ancr\u00e9es compliquent cette transition : passer \u00e0 des modes de vie plus durables exige un changement profond des comportements individuels et collectifs. La r\u00e9ussite de la transition n\u00e9cessite donc des efforts coordonn\u00e9s entre gouvernements, entreprises et citoyens pour surmonter ces obstacles.<\/p>\t\t\t\t\t\t\t\t<\/div>\n\t\t\t\t<div class=\"elementor-element elementor-element-c87e6ad elementor-view-stacked elementor-position-inline-start elementor-shape-circle elementor-mobile-position-block-start elementor-widget elementor-widget-icon-box\" data-id=\"c87e6ad\" data-element_type=\"widget\" data-e-type=\"widget\" data-widget_type=\"icon-box.default\">\n\t\t\t\t\t\t\t<div class=\"elementor-icon-box-wrapper\">\n\n\t\t\t\t\t\t<div class=\"elementor-icon-box-icon\">\n\t\t\t\t<span  class=\"elementor-icon\">\n\t\t\t\t<svg aria-hidden=\"true\" class=\"e-font-icon-svg e-fas-lightbulb\" viewbox=\"0 0 352 512\" xmlns=\"http:\/\/www.w3.org\/2000\/svg\"><path d=\"M96.06 454.35c.01 6.29 1.87 12.45 5.36 17.69l17.09 25.69a31.99 31.99 0 0 0 26.64 14.28h61.71a31.99 31.99 0 0 0 26.64-14.28l17.09-25.69a31.989 31.989 0 0 0 5.36-17.69l.04-38.35H96.01l.05 38.35zM0 176c0 44.37 16.45 84.85 43.56 115.78 16.52 18.85 42.36 58.23 52.21 91.45.04.26.07.52.11.78h160.24c.04-.26.07-.51.11-.78 9.85-33.22 35.69-72.6 52.21-91.45C335.55 260.85 352 220.37 352 176 352 78.61 272.91-.3 175.45 0 73.44.31 0 82.97 0 176zm176-80c-44.11 0-80 35.89-80 80 0 8.84-7.16 16-16 16s-16-7.16-16-16c0-61.76 50.24-112 112-112 8.84 0 16 7.16 16 16s-7.16 16-16 16z\"><\/path><\/svg>\t\t\t\t<\/span>\n\t\t\t<\/div>\n\t\t\t\n\t\t\t\t\t\t<div class=\"elementor-icon-box-content\">\n\n\t\t\t\t\t\t\t\t\t<h5 class=\"elementor-icon-box-title\">\n\t\t\t\t\t\t<span  >\n\t\t\t\t\t\t\tConseil\t\t\t\t\t\t<\/span>\n\t\t\t\t\t<\/h5>\n\t\t\t\t\n\t\t\t\t\t\t\t\t\t<p class=\"elementor-icon-box-description\">\n\t\t\t\t\t\tIl ne faut pas confondre la transition \u00e9cologique avec la transition \u00e9nerg\u00e9tique, qui se concentre sp\u00e9cifiquement sur le remplacement des \u00e9nergies fossiles par des sources d\u2019\u00e9nergie verte.\n\t\t\t\t\t<\/p>\n\t\t\t\t\n\t\t\t<\/div>\n\t\t\t\n\t\t<\/div>\n\t\t\t\t\t\t<\/div>\n\t\t\t\t<div class=\"elementor-element elementor-element-e3ca4ab elementor-widget elementor-widget-heading\" data-id=\"e3ca4ab\" data-element_type=\"widget\" data-e-type=\"widget\" data-widget_type=\"heading.default\">\n\t\t\t\t\t<h2 class=\"elementor-heading-title elementor-size-default\">Les b\u00e9n\u00e9fices \u00e9conomiques de la transition \u00e9cologique\n<\/h2>\t\t\t\t<\/div>\n\t\t\t\t<div class=\"elementor-element elementor-element-0e6570a elementor-widget elementor-widget-text-editor\" data-id=\"0e6570a\" data-element_type=\"widget\" data-e-type=\"widget\" data-widget_type=\"text-editor.default\">\n\t\t\t\t\t\t\t\t\t<p>La transition \u00e9cologique dynamise l\u2019innovation en stimulant le d\u00e9veloppement de technologies propres, comme les \u00e9nergies renouvelables et les solutions de recyclage. En r\u00e9pondant aux nouveaux d\u00e9fis, ces innovations cr\u00e9ent des emplois verts dans des secteurs vari\u00e9s, comme l\u2019\u00e9nergie, l\u2019agriculture durable et la gestion des d\u00e9chets. L\u2019\u00e9conomie circulaire, qui privil\u00e9gie la r\u00e9duction des d\u00e9chets et la r\u00e9utilisation des ressources, permet aux entreprises de limiter leurs co\u00fbts tout en r\u00e9duisant leur impact environnemental.<\/p><p>Ainsi, la transition \u00e9cologique renforce la r\u00e9silience \u00e9conomique face aux crises climatiques en favorisant une \u00e9conomie moins d\u00e9pendante des ressources non renouvelables. En plus de r\u00e9pondre aux attentes croissantes des consommateurs pour des pratiques responsables, la transition \u00e9cologique offre aux entreprises de nouvelles opportunit\u00e9s de croissance durable et un avantage comp\u00e9titif essentiel dans un march\u00e9 en pleine mutation.<\/p>\t\t\t\t\t\t\t\t<\/div>\n\t\t\t\t<div class=\"elementor-element elementor-element-075edde elementor-widget elementor-widget-heading\" data-id=\"075edde\" data-element_type=\"widget\" data-e-type=\"widget\" data-widget_type=\"heading.default\">\n\t\t\t\t\t<h2 class=\"elementor-heading-title elementor-size-default\">Quel avenir pour la transition \u00e9cologique ?\n<\/h2>\t\t\t\t<\/div>\n\t\t\t\t<div class=\"elementor-element elementor-element-b1e6c69 elementor-widget elementor-widget-text-editor\" data-id=\"b1e6c69\" data-element_type=\"widget\" data-e-type=\"widget\" data-widget_type=\"text-editor.default\">\n\t\t\t\t\t\t\t\t\t<p>L\u2019avenir de la transition \u00e9cologique repose principalement sur une mobilisation collective et continue. Si les engagements des gouvernements, des entreprises et des organisations sont cruciaux, les actions individuelles jouent \u00e9galement un r\u00f4le cl\u00e9 pour cr\u00e9er un impact global important. Chaque geste compte, que ce soit r\u00e9duire sa consommation d\u2019\u00e9nergie, privil\u00e9gier les transports durables, ou opter pour des produits \u00e9coresponsables.<\/p><p>Pour acc\u00e9l\u00e9rer la transition \u00e9cologique, les prochaines \u00e9tapes incluent le renforcement des politiques publiques, avec des objectifs climatiques ambitieux, et l\u2019adoption de technologies vertes. Les innovations dans les \u00e9nergies renouvelables, le recyclage et les solutions bas carbone sont \u00e9galement essentielles pour transformer les secteurs les plus polluants.<\/p><p>En parall\u00e8le, des efforts doivent \u00eatre faits pour sensibiliser et \u00e9duquer l\u2019ensemble des citoyens sur l\u2019impact de leurs choix quotidiens. En conjuguant actions individuelles et initiatives globales, la transition \u00e9cologique peut progresser vers un avenir durable, afin d\u2019harmoniser croissance \u00e9conomique et pr\u00e9servation de la plan\u00e8te.<\/p>\t\t\t\t\t\t\t\t<\/div>\n\t\t\t\t<\/div>\n\t\t\t\t\t<\/div>\n\t\t\t\t<\/div>\n\t\t\t\t<\/div>","protected":false},"excerpt":{"rendered":"<p>La transition \u00e9cologique est un processus visant \u00e0 transformer notre soci\u00e9t\u00e9 pour r\u00e9duire son impact environnemental. Elle implique de passer d'un mod\u00e8le bas\u00e9 sur les \u00e9nergies fossiles et les pratiques polluantes \u00e0 des solutions durables. Son objectif est de pr\u00e9server les ressources naturelles et de lutter contre le changement climatique.<\/p>","protected":false},"author":1,"featured_media":1801,"comment_status":"closed","ping_status":"closed","sticky":false,"template":"","format":"standard","meta":{"_acf_changed":false,"footnotes":""},"categories":[1],"tags":[],"class_list":["post-1800","post","type-post","status-publish","format-standard","has-post-thumbnail","hentry","category-blog"],"acf":[],"yoast_head":"<!-- This site is optimized with the Yoast SEO plugin v27.3 - https:\/\/yoast.com\/product\/yoast-seo-wordpress\/ -->\n<title>Ecological transition: Definition and challenges | D-Carbonize<\/title>\n<meta name=\"description\" content=\"Discover what the ecological transition is, its objectives, its actors, and the challenges to overcome to adopt a \u2026\" \/>\n<meta name=\"robots\" content=\"index, follow, max-snippet:-1, max-image-preview:large, max-video-preview:-1\" \/>\n<link rel=\"canonical\" href=\"https:\/\/d-carbonize.eu\/fr\/transition-ecologique\/\" \/>\n<meta property=\"og:locale\" content=\"fr_FR\" \/>\n<meta property=\"og:type\" content=\"article\" \/>\n<meta property=\"og:title\" content=\"Ecological transition: Definition and challenges | D-Carbonize\" \/>\n<meta property=\"og:description\" content=\"Discover what the ecological transition is, its objectives, its actors, and the challenges to overcome to adopt a \u2026\" \/>\n<meta property=\"og:url\" content=\"https:\/\/d-carbonize.eu\/fr\/transition-ecologique\/\" \/>\n<meta property=\"og:site_name\" content=\"D-Carbonize\" \/>\n<meta property=\"article:published_time\" content=\"2024-11-19T10:24:48+00:00\" \/>\n<meta property=\"article:modified_time\" content=\"2026-03-10T13:35:28+00:00\" \/>\n<meta property=\"og:image\" content=\"https:\/\/d-carbonize.eu\/wp-content\/uploads\/2025\/09\/Quest-ce-que-la-transition-ecologique-1024x683-1.webp\" \/>\n\t<meta property=\"og:image:width\" content=\"1024\" \/>\n\t<meta property=\"og:image:height\" content=\"683\" \/>\n\t<meta property=\"og:image:type\" content=\"image\/webp\" \/>\n<meta name=\"author\" content=\"Jaimish\" \/>\n<meta name=\"twitter:card\" content=\"summary_large_image\" \/>\n<meta name=\"twitter:label1\" content=\"\u00c9crit par\" \/>\n\t<meta name=\"twitter:data1\" content=\"Jaimish\" \/>\n\t<meta name=\"twitter:label2\" content=\"Dur\u00e9e de lecture estim\u00e9e\" \/>\n\t<meta name=\"twitter:data2\" content=\"6 minutes\" \/>\n<script type=\"application\/ld+json\" class=\"yoast-schema-graph\">{\"@context\":\"https:\\\/\\\/schema.org\",\"@graph\":[{\"@type\":\"Article\",\"@id\":\"https:\\\/\\\/d-carbonize.eu\\\/fr\\\/ecological-transition\\\/#article\",\"isPartOf\":{\"@id\":\"https:\\\/\\\/d-carbonize.eu\\\/fr\\\/ecological-transition\\\/\"},\"author\":{\"name\":\"Jaimish\",\"@id\":\"https:\\\/\\\/d-carbonize.eu\\\/fr\\\/#\\\/schema\\\/person\\\/b9dac9922f82f032a297605c6ab896cd\"},\"headline\":\"What is the ecological transition?\",\"datePublished\":\"2024-11-19T10:24:48+00:00\",\"dateModified\":\"2026-03-10T13:35:28+00:00\",\"mainEntityOfPage\":{\"@id\":\"https:\\\/\\\/d-carbonize.eu\\\/fr\\\/ecological-transition\\\/\"},\"wordCount\":1130,\"publisher\":{\"@id\":\"https:\\\/\\\/d-carbonize.eu\\\/fr\\\/#organization\"},\"image\":{\"@id\":\"https:\\\/\\\/d-carbonize.eu\\\/fr\\\/ecological-transition\\\/#primaryimage\"},\"thumbnailUrl\":\"https:\\\/\\\/d-carbonize.eu\\\/wp-content\\\/uploads\\\/2025\\\/09\\\/Quest-ce-que-la-transition-ecologique-1024x683-1.webp\",\"articleSection\":[\"Blog\"],\"inLanguage\":\"fr-FR\"},{\"@type\":\"WebPage\",\"@id\":\"https:\\\/\\\/d-carbonize.eu\\\/fr\\\/ecological-transition\\\/\",\"url\":\"https:\\\/\\\/d-carbonize.eu\\\/fr\\\/ecological-transition\\\/\",\"name\":\"Ecological transition: Definition and challenges | D-Carbonize\",\"isPartOf\":{\"@id\":\"https:\\\/\\\/d-carbonize.eu\\\/fr\\\/#website\"},\"primaryImageOfPage\":{\"@id\":\"https:\\\/\\\/d-carbonize.eu\\\/fr\\\/ecological-transition\\\/#primaryimage\"},\"image\":{\"@id\":\"https:\\\/\\\/d-carbonize.eu\\\/fr\\\/ecological-transition\\\/#primaryimage\"},\"thumbnailUrl\":\"https:\\\/\\\/d-carbonize.eu\\\/wp-content\\\/uploads\\\/2025\\\/09\\\/Quest-ce-que-la-transition-ecologique-1024x683-1.webp\",\"datePublished\":\"2024-11-19T10:24:48+00:00\",\"dateModified\":\"2026-03-10T13:35:28+00:00\",\"description\":\"Discover what the ecological transition is, its objectives, its actors, and the challenges to overcome to adopt a \u2026\",\"breadcrumb\":{\"@id\":\"https:\\\/\\\/d-carbonize.eu\\\/fr\\\/ecological-transition\\\/#breadcrumb\"},\"inLanguage\":\"fr-FR\",\"potentialAction\":[{\"@type\":\"ReadAction\",\"target\":[\"https:\\\/\\\/d-carbonize.eu\\\/fr\\\/ecological-transition\\\/\"]}]},{\"@type\":\"ImageObject\",\"inLanguage\":\"fr-FR\",\"@id\":\"https:\\\/\\\/d-carbonize.eu\\\/fr\\\/ecological-transition\\\/#primaryimage\",\"url\":\"https:\\\/\\\/d-carbonize.eu\\\/wp-content\\\/uploads\\\/2025\\\/09\\\/Quest-ce-que-la-transition-ecologique-1024x683-1.webp\",\"contentUrl\":\"https:\\\/\\\/d-carbonize.eu\\\/wp-content\\\/uploads\\\/2025\\\/09\\\/Quest-ce-que-la-transition-ecologique-1024x683-1.webp\",\"width\":1024,\"height\":683,\"caption\":\"Qu\u2019est-ce que la transition \u00e9cologique ?\"},{\"@type\":\"BreadcrumbList\",\"@id\":\"https:\\\/\\\/d-carbonize.eu\\\/fr\\\/ecological-transition\\\/#breadcrumb\",\"itemListElement\":[{\"@type\":\"ListItem\",\"position\":1,\"name\":\"Home\",\"item\":\"https:\\\/\\\/d-carbonize.eu\\\/\"},{\"@type\":\"ListItem\",\"position\":2,\"name\":\"What is the ecological transition?\"}]},{\"@type\":\"WebSite\",\"@id\":\"https:\\\/\\\/d-carbonize.eu\\\/fr\\\/#website\",\"url\":\"https:\\\/\\\/d-carbonize.eu\\\/fr\\\/\",\"name\":\"D-Carbonize\",\"description\":\"We Empower organisations to reduce their carbon footprint\",\"publisher\":{\"@id\":\"https:\\\/\\\/d-carbonize.eu\\\/fr\\\/#organization\"},\"potentialAction\":[{\"@type\":\"SearchAction\",\"target\":{\"@type\":\"EntryPoint\",\"urlTemplate\":\"https:\\\/\\\/d-carbonize.eu\\\/fr\\\/?s={search_term_string}\"},\"query-input\":{\"@type\":\"PropertyValueSpecification\",\"valueRequired\":true,\"valueName\":\"search_term_string\"}}],\"inLanguage\":\"fr-FR\"},{\"@type\":\"Organization\",\"@id\":\"https:\\\/\\\/d-carbonize.eu\\\/fr\\\/#organization\",\"name\":\"D-Carbonize\",\"url\":\"https:\\\/\\\/d-carbonize.eu\\\/fr\\\/\",\"logo\":{\"@type\":\"ImageObject\",\"inLanguage\":\"fr-FR\",\"@id\":\"https:\\\/\\\/d-carbonize.eu\\\/fr\\\/#\\\/schema\\\/logo\\\/image\\\/\",\"url\":\"https:\\\/\\\/d-carbonize.eu\\\/wp-content\\\/uploads\\\/2025\\\/09\\\/Figure-\u2192-d-carbo_vertical.svg\",\"contentUrl\":\"https:\\\/\\\/d-carbonize.eu\\\/wp-content\\\/uploads\\\/2025\\\/09\\\/Figure-\u2192-d-carbo_vertical.svg\",\"width\":196,\"height\":25,\"caption\":\"D-Carbonize\"},\"image\":{\"@id\":\"https:\\\/\\\/d-carbonize.eu\\\/fr\\\/#\\\/schema\\\/logo\\\/image\\\/\"}},{\"@type\":\"Person\",\"@id\":\"https:\\\/\\\/d-carbonize.eu\\\/fr\\\/#\\\/schema\\\/person\\\/b9dac9922f82f032a297605c6ab896cd\",\"name\":\"Jaimish\",\"image\":{\"@type\":\"ImageObject\",\"inLanguage\":\"fr-FR\",\"@id\":\"https:\\\/\\\/secure.gravatar.com\\\/avatar\\\/0d0bdf8fd205508c6d53e027742322739a80465e63346ff0e1e7b93ef700479c?s=96&d=mm&r=g\",\"url\":\"https:\\\/\\\/secure.gravatar.com\\\/avatar\\\/0d0bdf8fd205508c6d53e027742322739a80465e63346ff0e1e7b93ef700479c?s=96&d=mm&r=g\",\"contentUrl\":\"https:\\\/\\\/secure.gravatar.com\\\/avatar\\\/0d0bdf8fd205508c6d53e027742322739a80465e63346ff0e1e7b93ef700479c?s=96&d=mm&r=g\",\"caption\":\"Jaimish\"},\"sameAs\":[\"https:\\\/\\\/d-carbonize.eu\"],\"url\":\"https:\\\/\\\/d-carbonize.eu\\\/fr\\\/author\\\/jaimish\\\/\"}]}<\/script>\n<!-- \/ Yoast SEO plugin. -->","yoast_head_json":{"title":"Transition \u00e9cologique : d\u00e9finition et enjeux | d-carbonize","description":"D\u00e9couvrez ce qu'est la transition \u00e9cologique, ses objectifs, ses acteurs, et les d\u00e9fis \u00e0 surmonter pour adopter un \u2026","robots":{"index":"index","follow":"follow","max-snippet":"max-snippet:-1","max-image-preview":"max-image-preview:large","max-video-preview":"max-video-preview:-1"},"canonical":"https:\/\/d-carbonize.eu\/fr\/transition-ecologique\/","og_locale":"fr_FR","og_type":"article","og_title":"Ecological transition: Definition and challenges | D-Carbonize","og_description":"Discover what the ecological transition is, its objectives, its actors, and the challenges to overcome to adopt a \u2026","og_url":"https:\/\/d-carbonize.eu\/fr\/transition-ecologique\/","og_site_name":"D-Carbonize","article_published_time":"2024-11-19T10:24:48+00:00","article_modified_time":"2026-03-10T13:35:28+00:00","og_image":[{"width":1024,"height":683,"url":"https:\/\/d-carbonize.eu\/wp-content\/uploads\/2025\/09\/Quest-ce-que-la-transition-ecologique-1024x683-1.webp","type":"image\/webp"}],"author":"Jaimish","twitter_card":"summary_large_image","twitter_misc":{"\u00c9crit par":"Jaimish","Dur\u00e9e de lecture estim\u00e9e":"6 minutes"},"schema":{"@context":"https:\/\/schema.org","@graph":[{"@type":"Article","@id":"https:\/\/d-carbonize.eu\/fr\/ecological-transition\/#article","isPartOf":{"@id":"https:\/\/d-carbonize.eu\/fr\/ecological-transition\/"},"author":{"name":"Jaimish","@id":"https:\/\/d-carbonize.eu\/fr\/#\/schema\/person\/b9dac9922f82f032a297605c6ab896cd"},"headline":"What is the ecological transition?","datePublished":"2024-11-19T10:24:48+00:00","dateModified":"2026-03-10T13:35:28+00:00","mainEntityOfPage":{"@id":"https:\/\/d-carbonize.eu\/fr\/ecological-transition\/"},"wordCount":1130,"publisher":{"@id":"https:\/\/d-carbonize.eu\/fr\/#organization"},"image":{"@id":"https:\/\/d-carbonize.eu\/fr\/ecological-transition\/#primaryimage"},"thumbnailUrl":"https:\/\/d-carbonize.eu\/wp-content\/uploads\/2025\/09\/Quest-ce-que-la-transition-ecologique-1024x683-1.webp","articleSection":["Blog"],"inLanguage":"fr-FR"},{"@type":"WebPage","@id":"https:\/\/d-carbonize.eu\/fr\/ecological-transition\/","url":"https:\/\/d-carbonize.eu\/fr\/ecological-transition\/","name":"Transition \u00e9cologique : d\u00e9finition et enjeux | d-carbonize","isPartOf":{"@id":"https:\/\/d-carbonize.eu\/fr\/#website"},"primaryImageOfPage":{"@id":"https:\/\/d-carbonize.eu\/fr\/ecological-transition\/#primaryimage"},"image":{"@id":"https:\/\/d-carbonize.eu\/fr\/ecological-transition\/#primaryimage"},"thumbnailUrl":"https:\/\/d-carbonize.eu\/wp-content\/uploads\/2025\/09\/Quest-ce-que-la-transition-ecologique-1024x683-1.webp","datePublished":"2024-11-19T10:24:48+00:00","dateModified":"2026-03-10T13:35:28+00:00","description":"D\u00e9couvrez ce qu'est la transition \u00e9cologique, ses objectifs, ses acteurs, et les d\u00e9fis \u00e0 surmonter pour adopter un \u2026","breadcrumb":{"@id":"https:\/\/d-carbonize.eu\/fr\/ecological-transition\/#breadcrumb"},"inLanguage":"fr-FR","potentialAction":[{"@type":"ReadAction","target":["https:\/\/d-carbonize.eu\/fr\/ecological-transition\/"]}]},{"@type":"ImageObject","inLanguage":"fr-FR","@id":"https:\/\/d-carbonize.eu\/fr\/ecological-transition\/#primaryimage","url":"https:\/\/d-carbonize.eu\/wp-content\/uploads\/2025\/09\/Quest-ce-que-la-transition-ecologique-1024x683-1.webp","contentUrl":"https:\/\/d-carbonize.eu\/wp-content\/uploads\/2025\/09\/Quest-ce-que-la-transition-ecologique-1024x683-1.webp","width":1024,"height":683,"caption":"Qu\u2019est-ce que la transition \u00e9cologique ?"},{"@type":"BreadcrumbList","@id":"https:\/\/d-carbonize.eu\/fr\/ecological-transition\/#breadcrumb","itemListElement":[{"@type":"ListItem","position":1,"name":"Home","item":"https:\/\/d-carbonize.eu\/"},{"@type":"ListItem","position":2,"name":"What is the ecological transition?"}]},{"@type":"WebSite","@id":"https:\/\/d-carbonize.eu\/fr\/#website","url":"https:\/\/d-carbonize.eu\/fr\/","name":"D-Carbonize","description":"Nous donnons aux organisations les moyens de r\u00e9duire leur empreinte carbone","publisher":{"@id":"https:\/\/d-carbonize.eu\/fr\/#organization"},"potentialAction":[{"@type":"SearchAction","target":{"@type":"EntryPoint","urlTemplate":"https:\/\/d-carbonize.eu\/fr\/?s={search_term_string}"},"query-input":{"@type":"PropertyValueSpecification","valueRequired":true,"valueName":"search_term_string"}}],"inLanguage":"fr-FR"},{"@type":"Organization","@id":"https:\/\/d-carbonize.eu\/fr\/#organization","name":"D-Carbonize","url":"https:\/\/d-carbonize.eu\/fr\/","logo":{"@type":"ImageObject","inLanguage":"fr-FR","@id":"https:\/\/d-carbonize.eu\/fr\/#\/schema\/logo\/image\/","url":"https:\/\/d-carbonize.eu\/wp-content\/uploads\/2025\/09\/Figure-\u2192-d-carbo_vertical.svg","contentUrl":"https:\/\/d-carbonize.eu\/wp-content\/uploads\/2025\/09\/Figure-\u2192-d-carbo_vertical.svg","width":196,"height":25,"caption":"D-Carbonize"},"image":{"@id":"https:\/\/d-carbonize.eu\/fr\/#\/schema\/logo\/image\/"}},{"@type":"Person","@id":"https:\/\/d-carbonize.eu\/fr\/#\/schema\/person\/b9dac9922f82f032a297605c6ab896cd","name":"Jaimish","image":{"@type":"ImageObject","inLanguage":"fr-FR","@id":"https:\/\/secure.gravatar.com\/avatar\/0d0bdf8fd205508c6d53e027742322739a80465e63346ff0e1e7b93ef700479c?s=96&d=mm&r=g","url":"https:\/\/secure.gravatar.com\/avatar\/0d0bdf8fd205508c6d53e027742322739a80465e63346ff0e1e7b93ef700479c?s=96&d=mm&r=g","contentUrl":"https:\/\/secure.gravatar.com\/avatar\/0d0bdf8fd205508c6d53e027742322739a80465e63346ff0e1e7b93ef700479c?s=96&d=mm&r=g","caption":"Jaimish"},"sameAs":["https:\/\/d-carbonize.eu"],"url":"https:\/\/d-carbonize.eu\/fr\/author\/jaimish\/"}]}},"_links":{"self":[{"href":"https:\/\/d-carbonize.eu\/fr\/wp-json\/wp\/v2\/posts\/1800","targetHints":{"allow":["GET"]}}],"collection":[{"href":"https:\/\/d-carbonize.eu\/fr\/wp-json\/wp\/v2\/posts"}],"about":[{"href":"https:\/\/d-carbonize.eu\/fr\/wp-json\/wp\/v2\/types\/post"}],"author":[{"embeddable":true,"href":"https:\/\/d-carbonize.eu\/fr\/wp-json\/wp\/v2\/users\/1"}],"replies":[{"embeddable":true,"href":"https:\/\/d-carbonize.eu\/fr\/wp-json\/wp\/v2\/comments?post=1800"}],"version-history":[{"count":34,"href":"https:\/\/d-carbonize.eu\/fr\/wp-json\/wp\/v2\/posts\/1800\/revisions"}],"predecessor-version":[{"id":15596,"href":"https:\/\/d-carbonize.eu\/fr\/wp-json\/wp\/v2\/posts\/1800\/revisions\/15596"}],"wp:featuredmedia":[{"embeddable":true,"href":"https:\/\/d-carbonize.eu\/fr\/wp-json\/wp\/v2\/media\/1801"}],"wp:attachment":[{"href":"https:\/\/d-carbonize.eu\/fr\/wp-json\/wp\/v2\/media?parent=1800"}],"wp:term":[{"taxonomy":"category","embeddable":true,"href":"https:\/\/d-carbonize.eu\/fr\/wp-json\/wp\/v2\/categories?post=1800"},{"taxonomy":"post_tag","embeddable":true,"href":"https:\/\/d-carbonize.eu\/fr\/wp-json\/wp\/v2\/tags?post=1800"}],"curies":[{"name":"wp","href":"https:\/\/api.w.org\/{rel}","templated":true}]}}