{"id":2052,"date":"2024-10-21T12:02:00","date_gmt":"2024-10-21T12:02:00","guid":{"rendered":"https:\/\/d-carbonize.eu\/?p=2052"},"modified":"2026-02-23T07:02:27","modified_gmt":"2026-02-23T07:02:27","slug":"taxe-carbone","status":"publish","type":"post","link":"https:\/\/d-carbonize.eu\/fr\/carbon-tax\/","title":{"rendered":"Taxe carbone : qu\u2019est-ce que c\u2019est ?"},"content":{"rendered":"<div id=\"bsf_rt_marker\"><\/div>\t\t<div data-elementor-type=\"wp-post\" data-elementor-id=\"2052\" class=\"elementor elementor-2052\" data-elementor-post-type=\"post\">\n\t\t\t\t<div class=\"elementor-element elementor-element-a8c0a35 e-flex e-con-boxed e-con e-parent\" data-id=\"a8c0a35\" data-element_type=\"container\" data-e-type=\"container\">\n\t\t\t\t\t<div class=\"e-con-inner\">\n\t\t\t\t<div class=\"elementor-element elementor-element-1e9a746 elementor-widget__width-inherit elementor-widget elementor-widget-image\" data-id=\"1e9a746\" data-element_type=\"widget\" data-e-type=\"widget\" data-widget_type=\"image.default\">\n\t\t\t\t\t\t\t\t\t\t\t\t\t\t\t<img fetchpriority=\"high\" decoding=\"async\" width=\"1280\" height=\"853\" src=\"https:\/\/d-carbonize.eu\/wp-content\/uploads\/2024\/10\/pexels-rob-mowe-711409-29022040.webp\" class=\"attachment-full size-full wp-image-2054\" alt=\"Une main tenant une feuille morte, couleur jaune, en plein automne\" srcset=\"https:\/\/d-carbonize.eu\/wp-content\/uploads\/2024\/10\/pexels-rob-mowe-711409-29022040.webp 1280w, https:\/\/d-carbonize.eu\/wp-content\/uploads\/2024\/10\/pexels-rob-mowe-711409-29022040-300x200.webp 300w, https:\/\/d-carbonize.eu\/wp-content\/uploads\/2024\/10\/pexels-rob-mowe-711409-29022040-1024x682.webp 1024w, https:\/\/d-carbonize.eu\/wp-content\/uploads\/2024\/10\/pexels-rob-mowe-711409-29022040-768x512.webp 768w\" sizes=\"(max-width: 1280px) 100vw, 1280px\" \/>\t\t\t\t\t\t\t\t\t\t\t\t\t\t\t<\/div>\n\t\t<div class=\"elementor-element elementor-element-f1914af e-con-full e-flex e-con e-child\" data-id=\"f1914af\" data-element_type=\"container\" data-e-type=\"container\">\n\t\t\t\t<div class=\"elementor-element elementor-element-5d07e16 elementor-widget elementor-widget-heading\" data-id=\"5d07e16\" data-element_type=\"widget\" data-e-type=\"widget\" data-widget_type=\"heading.default\">\n\t\t\t\t\t<h2 class=\"elementor-heading-title elementor-size-default\">Taxe carbone : tout savoir<\/h2>\t\t\t\t<\/div>\n\t\t\t\t<div class=\"elementor-element elementor-element-89497bb elementor-widget elementor-widget-heading\" data-id=\"89497bb\" data-element_type=\"widget\" data-e-type=\"widget\" data-widget_type=\"heading.default\">\n\t\t\t\t\t<h3 class=\"elementor-heading-title elementor-size-default\">D\u00e9finition de la taxe carbone<\/h3>\t\t\t\t<\/div>\n\t\t\t\t<div class=\"elementor-element elementor-element-5a8f3de elementor-widget elementor-widget-text-editor\" data-id=\"5a8f3de\" data-element_type=\"widget\" data-e-type=\"widget\" data-widget_type=\"text-editor.default\">\n\t\t\t\t\t\t\t\t\t<p>La taxe carbone est un imp\u00f4t environnemental bas\u00e9 sur le principe du pollueur-payeur, qui s\u2019applique aux \u00e9missions de co2 issues de la combustion de combustibles fossiles (p\u00e9trole, gaz, charbon). Son objectif est d\u2019inciter les entreprises et les consommateurs \u00e0 r\u00e9duire leurs <a href=\"https:\/\/d-carbonize.eu\/fr\/empreinte-carbone\/\"><a href=\"https:\/\/d-carbonize.eu\/fr\/blog\/bilan-carbone-perimetres\/\"> \u00e9missions directes et indirectes<\/a><\/a> en int\u00e9grant le co\u00fbt du carbone dans les produits et services. Contrairement au syst\u00e8me d\u2019\u00e9change de quotas d\u2019\u00e9mission, o\u00f9 un plafond global est fix\u00e9 et les droits d\u2019\u00e9mission sont \u00e9chang\u00e9s, la taxe carbone impose un co\u00fbt fixe par tonne de co2 \u00e9mise.<\/p>\t\t\t\t\t\t\t\t<\/div>\n\t\t\t\t<div class=\"elementor-element elementor-element-1cf7063 elementor-widget elementor-widget-heading\" data-id=\"1cf7063\" data-element_type=\"widget\" data-e-type=\"widget\" data-widget_type=\"heading.default\">\n\t\t\t\t\t<h3 class=\"elementor-heading-title elementor-size-default\">Qui est \u00e0 l\u2019origine de la taxe carbone ?<\/h3>\t\t\t\t<\/div>\n\t\t\t\t<div class=\"elementor-element elementor-element-4f04ce3 elementor-widget elementor-widget-text-editor\" data-id=\"4f04ce3\" data-element_type=\"widget\" data-e-type=\"widget\" data-widget_type=\"text-editor.default\">\n\t\t\t\t\t\t\t\t\t<p>La taxe carbone trouve son origine dans plusieurs travaux d\u2019\u00e9conomistes environnementaux qui ont d\u00e9velopp\u00e9 le concept du pollueur-payeur pour internaliser les co\u00fbts li\u00e9s aux \u00e9missions de co\u2082. l\u2019id\u00e9e a \u00e9t\u00e9 popularis\u00e9e dans les ann\u00e9es 1990, notamment gr\u00e2ce aux recommandations du GIEC (groupe d\u2019experts intergouvernemental sur l\u2019\u00e9volution du climat) et aux engagements pris lors des sommets climatiques internationaux.<\/p><p>Le premier pays \u00e0 instaurer une taxe carbone a \u00e9t\u00e9 la finlande en 1990, suivi par d\u2019autres nations europ\u00e9ennes comme la su\u00e8de et la norv\u00e8ge. Depuis, plusieurs gouvernements ont adopt\u00e9 cette mesure pour inciter \u00e0 la transition \u00e9nerg\u00e9tique et financer des projets \u00e9cologiques. Aujourd\u2019hui, des institutions comme l\u2019Union europ\u00e9enne, la banque mondiale et l\u2019OCDE encouragent les etats \u00e0 renforcer leur fiscalit\u00e9 carbone pour acc\u00e9l\u00e9rer la lutte contre le changement climatique.<\/p>\t\t\t\t\t\t\t\t<\/div>\n\t\t\t\t<div class=\"elementor-element elementor-element-7130900 elementor-widget elementor-widget-heading\" data-id=\"7130900\" data-element_type=\"widget\" data-e-type=\"widget\" data-widget_type=\"heading.default\">\n\t\t\t\t\t<h3 class=\"elementor-heading-title elementor-size-default\">Objectifs de la taxe carbone\n<\/h3>\t\t\t\t<\/div>\n\t\t\t\t<div class=\"elementor-element elementor-element-c94c991 elementor-widget elementor-widget-heading\" data-id=\"c94c991\" data-element_type=\"widget\" data-e-type=\"widget\" data-widget_type=\"heading.default\">\n\t\t\t\t\t<p class=\"elementor-heading-title elementor-size-default\">La taxe carbone vise plusieurs objectifs pour lutter contre le changement climatique et acc\u00e9l\u00e9rer la transition vers une \u00e9conomie bas carbone:<\/p>\t\t\t\t<\/div>\n\t\t\t\t<div class=\"elementor-element elementor-element-dd72cd0 elementor-icon-list--layout-traditional elementor-list-item-link-full_width elementor-widget elementor-widget-icon-list\" data-id=\"dd72cd0\" data-element_type=\"widget\" data-e-type=\"widget\" data-widget_type=\"icon-list.default\">\n\t\t\t\t\t\t\t<ul class=\"elementor-icon-list-items\">\n\t\t\t\t\t\t\t<li class=\"elementor-icon-list-item\">\n\t\t\t\t\t\t\t\t\t\t\t<span class=\"elementor-icon-list-icon\">\n\t\t\t\t\t\t\t<svg aria-hidden=\"true\" class=\"e-font-icon-svg e-fas-gas-pump\" viewbox=\"0 0 512 512\" xmlns=\"http:\/\/www.w3.org\/2000\/svg\"><path d=\"M336 448H16c-8.8 0-16 7.2-16 16v32c0 8.8 7.2 16 16 16h320c8.8 0 16-7.2 16-16v-32c0-8.8-7.2-16-16-16zm157.2-340.7l-81-81c-6.2-6.2-16.4-6.2-22.6 0l-11.3 11.3c-6.2 6.2-6.2 16.4 0 22.6L416 97.9V160c0 28.1 20.9 51.3 48 55.2V376c0 13.2-10.8 24-24 24s-24-10.8-24-24v-32c0-48.6-39.4-88-88-88h-8V64c0-35.3-28.7-64-64-64H96C60.7 0 32 28.7 32 64v352h288V304h8c22.1 0 40 17.9 40 40v27.8c0 37.7 27 72 64.5 75.9 43 4.3 79.5-29.5 79.5-71.7V152.6c0-17-6.8-33.3-18.8-45.3zM256 192H96V64h160v128z\"><\/path><\/svg>\t\t\t\t\t\t<\/span>\n\t\t\t\t\t\t\t\t\t\t<span class=\"elementor-icon-list-text\">R\u00e9duction des \u00e9missions de co\u2082: en imposant un co\u00fbt aux \u00e9missions, la taxe carbone responsabilise les entreprises et les particuliers quant \u00e0 leur impact environnemental. En rendant financi\u00e8rement contraignante l\u2019utilisation des \u00e9nergies fossiles, elle pousse \u00e0 adopter des alternatives plus \u00e9cologiques et \u00e0 revoir les mod\u00e8les de production et de consommation.<\/span>\n\t\t\t\t\t\t\t\t\t<\/li>\n\t\t\t\t\t\t\t\t<li class=\"elementor-icon-list-item\">\n\t\t\t\t\t\t\t\t\t\t\t<span class=\"elementor-icon-list-icon\">\n\t\t\t\t\t\t\t<svg aria-hidden=\"true\" class=\"e-font-icon-svg e-fas-gas-pump\" viewbox=\"0 0 512 512\" xmlns=\"http:\/\/www.w3.org\/2000\/svg\"><path d=\"M336 448H16c-8.8 0-16 7.2-16 16v32c0 8.8 7.2 16 16 16h320c8.8 0 16-7.2 16-16v-32c0-8.8-7.2-16-16-16zm157.2-340.7l-81-81c-6.2-6.2-16.4-6.2-22.6 0l-11.3 11.3c-6.2 6.2-6.2 16.4 0 22.6L416 97.9V160c0 28.1 20.9 51.3 48 55.2V376c0 13.2-10.8 24-24 24s-24-10.8-24-24v-32c0-48.6-39.4-88-88-88h-8V64c0-35.3-28.7-64-64-64H96C60.7 0 32 28.7 32 64v352h288V304h8c22.1 0 40 17.9 40 40v27.8c0 37.7 27 72 64.5 75.9 43 4.3 79.5-29.5 79.5-71.7V152.6c0-17-6.8-33.3-18.8-45.3zM256 192H96V64h160v128z\"><\/path><\/svg>\t\t\t\t\t\t<\/span>\n\t\t\t\t\t\t\t\t\t\t<span class=\"elementor-icon-list-text\">Incitation \u00e0 l'utilisation d'\u00e9nergies renouvelables : en augmentant le prix des \u00e9nergies fossiles, la taxe carbone favorise la comp\u00e9titivit\u00e9 des sources d\u2019\u00e9nergie renouvelables comme le solaire, l\u2019\u00e9olien et l\u2019hydro\u00e9lectricit\u00e9. Elle encourage ainsi les investissements dans ces secteurs et acc\u00e9l\u00e8re l\u2019adoption de solutions \u00e9nerg\u00e9tiques plus durables.<\/span>\n\t\t\t\t\t\t\t\t\t<\/li>\n\t\t\t\t\t\t\t\t<li class=\"elementor-icon-list-item\">\n\t\t\t\t\t\t\t\t\t\t\t<span class=\"elementor-icon-list-icon\">\n\t\t\t\t\t\t\t<svg aria-hidden=\"true\" class=\"e-font-icon-svg e-fas-gas-pump\" viewbox=\"0 0 512 512\" xmlns=\"http:\/\/www.w3.org\/2000\/svg\"><path d=\"M336 448H16c-8.8 0-16 7.2-16 16v32c0 8.8 7.2 16 16 16h320c8.8 0 16-7.2 16-16v-32c0-8.8-7.2-16-16-16zm157.2-340.7l-81-81c-6.2-6.2-16.4-6.2-22.6 0l-11.3 11.3c-6.2 6.2-6.2 16.4 0 22.6L416 97.9V160c0 28.1 20.9 51.3 48 55.2V376c0 13.2-10.8 24-24 24s-24-10.8-24-24v-32c0-48.6-39.4-88-88-88h-8V64c0-35.3-28.7-64-64-64H96C60.7 0 32 28.7 32 64v352h288V304h8c22.1 0 40 17.9 40 40v27.8c0 37.7 27 72 64.5 75.9 43 4.3 79.5-29.5 79.5-71.7V152.6c0-17-6.8-33.3-18.8-45.3zM256 192H96V64h160v128z\"><\/path><\/svg>\t\t\t\t\t\t<\/span>\n\t\t\t\t\t\t\t\t\t\t<span class=\"elementor-icon-list-text\">Am\u00e9lioration de l'efficacit\u00e9 \u00e9nerg\u00e9tique: l\u2019augmentation du co\u00fbt des combustibles fossiles incite les entreprises et les m\u00e9nages \u00e0 r\u00e9duire leur consommation d\u2019\u00e9nergie pour limiter leur facture. L\u2019am\u00e9lioration de l\u2019efficacit\u00e9 \u00e9nerg\u00e9tique peut passer par la construction de b\u00e2timents \u00e0 haute performance \u00e9nerg\u00e9tique, l\u2019optimisation des processus industriels ou encore la modernisation des syst\u00e8mes de transport et de chauffage.<\/span>\n\t\t\t\t\t\t\t\t\t<\/li>\n\t\t\t\t\t\t\t\t<li class=\"elementor-icon-list-item\">\n\t\t\t\t\t\t\t\t\t\t\t<span class=\"elementor-icon-list-icon\">\n\t\t\t\t\t\t\t<svg aria-hidden=\"true\" class=\"e-font-icon-svg e-fas-gas-pump\" viewbox=\"0 0 512 512\" xmlns=\"http:\/\/www.w3.org\/2000\/svg\"><path d=\"M336 448H16c-8.8 0-16 7.2-16 16v32c0 8.8 7.2 16 16 16h320c8.8 0 16-7.2 16-16v-32c0-8.8-7.2-16-16-16zm157.2-340.7l-81-81c-6.2-6.2-16.4-6.2-22.6 0l-11.3 11.3c-6.2 6.2-6.2 16.4 0 22.6L416 97.9V160c0 28.1 20.9 51.3 48 55.2V376c0 13.2-10.8 24-24 24s-24-10.8-24-24v-32c0-48.6-39.4-88-88-88h-8V64c0-35.3-28.7-64-64-64H96C60.7 0 32 28.7 32 64v352h288V304h8c22.1 0 40 17.9 40 40v27.8c0 37.7 27 72 64.5 75.9 43 4.3 79.5-29.5 79.5-71.7V152.6c0-17-6.8-33.3-18.8-45.3zM256 192H96V64h160v128z\"><\/path><\/svg>\t\t\t\t\t\t<\/span>\n\t\t\t\t\t\t\t\t\t\t<span class=\"elementor-icon-list-text\">Stimulation de l'innovation technologique : en imposant une contrainte financi\u00e8re sur les \u00e9missions, la taxe carbone incite les entreprises \u00e0 investir dans la recherche et le d\u00e9veloppement de technologies propres. Elle favorise ainsi l\u2019\u00e9mergence de solutions innovantes comme les biocarburants, le captage et stockage du carbone, ainsi que les nouvelles m\u00e9thodes de production \u00e0 faible empreinte carbone.<\/span>\n\t\t\t\t\t\t\t\t\t<\/li>\n\t\t\t\t\t\t\t\t<li class=\"elementor-icon-list-item\">\n\t\t\t\t\t\t\t\t\t\t\t<span class=\"elementor-icon-list-icon\">\n\t\t\t\t\t\t\t<svg aria-hidden=\"true\" class=\"e-font-icon-svg e-fas-gas-pump\" viewbox=\"0 0 512 512\" xmlns=\"http:\/\/www.w3.org\/2000\/svg\"><path d=\"M336 448H16c-8.8 0-16 7.2-16 16v32c0 8.8 7.2 16 16 16h320c8.8 0 16-7.2 16-16v-32c0-8.8-7.2-16-16-16zm157.2-340.7l-81-81c-6.2-6.2-16.4-6.2-22.6 0l-11.3 11.3c-6.2 6.2-6.2 16.4 0 22.6L416 97.9V160c0 28.1 20.9 51.3 48 55.2V376c0 13.2-10.8 24-24 24s-24-10.8-24-24v-32c0-48.6-39.4-88-88-88h-8V64c0-35.3-28.7-64-64-64H96C60.7 0 32 28.7 32 64v352h288V304h8c22.1 0 40 17.9 40 40v27.8c0 37.7 27 72 64.5 75.9 43 4.3 79.5-29.5 79.5-71.7V152.6c0-17-6.8-33.3-18.8-45.3zM256 192H96V64h160v128z\"><\/path><\/svg>\t\t\t\t\t\t<\/span>\n\t\t\t\t\t\t\t\t\t\t<span class=\"elementor-icon-list-text\">Vers une consommation plus responsable : en int\u00e9grant le co\u00fbt environnemental dans les prix des biens et services, la taxe carbone sensibilise les consommateurs aux impacts climatiques de leurs choix. Cela peut conduire \u00e0 des changements d\u2019habitudes, comme l\u2019achat de produits moins \u00e9nergivores, l\u2019utilisation des transports en commun ou encore la r\u00e9duction du gaspillage \u00e9nerg\u00e9tique au quotidien.<\/span>\n\t\t\t\t\t\t\t\t\t<\/li>\n\t\t\t\t\t\t\t\t<li class=\"elementor-icon-list-item\">\n\t\t\t\t\t\t\t\t\t\t\t<span class=\"elementor-icon-list-icon\">\n\t\t\t\t\t\t\t<svg aria-hidden=\"true\" class=\"e-font-icon-svg e-fas-gas-pump\" viewbox=\"0 0 512 512\" xmlns=\"http:\/\/www.w3.org\/2000\/svg\"><path d=\"M336 448H16c-8.8 0-16 7.2-16 16v32c0 8.8 7.2 16 16 16h320c8.8 0 16-7.2 16-16v-32c0-8.8-7.2-16-16-16zm157.2-340.7l-81-81c-6.2-6.2-16.4-6.2-22.6 0l-11.3 11.3c-6.2 6.2-6.2 16.4 0 22.6L416 97.9V160c0 28.1 20.9 51.3 48 55.2V376c0 13.2-10.8 24-24 24s-24-10.8-24-24v-32c0-48.6-39.4-88-88-88h-8V64c0-35.3-28.7-64-64-64H96C60.7 0 32 28.7 32 64v352h288V304h8c22.1 0 40 17.9 40 40v27.8c0 37.7 27 72 64.5 75.9 43 4.3 79.5-29.5 79.5-71.7V152.6c0-17-6.8-33.3-18.8-45.3zM256 192H96V64h160v128z\"><\/path><\/svg>\t\t\t\t\t\t<\/span>\n\t\t\t\t\t\t\t\t\t\t<span class=\"elementor-icon-list-text\">Financement de la transition \u00e9cologique : les recettes g\u00e9n\u00e9r\u00e9es par la taxe carbone permettent de financer des politiques publiques en faveur du climat. Elles peuvent \u00eatre utilis\u00e9es pour soutenir les m\u00e9nages les plus vuln\u00e9rables face \u00e0 la hausse des prix de l\u2019\u00e9nergie, subventionner l\u2019adoption de solutions bas carbone ou encore investir dans des infrastructures \u00e9cologiques.<\/span>\n\t\t\t\t\t\t\t\t\t<\/li>\n\t\t\t\t\t\t<\/ul>\n\t\t\t\t\t\t<\/div>\n\t\t\t\t<div class=\"elementor-element elementor-element-ac5dc41 elementor-widget elementor-widget-heading\" data-id=\"ac5dc41\" data-element_type=\"widget\" data-e-type=\"widget\" data-widget_type=\"heading.default\">\n\t\t\t\t\t<h3 class=\"elementor-heading-title elementor-size-default\">Quels secteurs sont les plus touch\u00e9s par la taxe carbone ?<\/h3>\t\t\t\t<\/div>\n\t\t\t\t<div class=\"elementor-element elementor-element-06c615e elementor-widget elementor-widget-text-editor\" data-id=\"06c615e\" data-element_type=\"widget\" data-e-type=\"widget\" data-widget_type=\"text-editor.default\">\n\t\t\t\t\t\t\t\t\t<p>La taxe carbone impacte particuli\u00e8rement les secteurs qui d\u00e9pendent fortement des \u00e9nergies fossiles et g\u00e9n\u00e8rent des \u00e9missions importantes de co\u2082.<\/p><p>Les industries lourdes, comme la sid\u00e9rurgie, le ciment et la chimie, figurent parmi les plus concern\u00e9es. Ces secteurs utilisent des proc\u00e9d\u00e9s \u00e0 forte intensit\u00e9 \u00e9nerg\u00e9tique et disposent encore de peu d\u2019alternatives technologiques viables \u00e0 grande \u00e9chelle. Une hausse du co\u00fbt du carbone repr\u00e9sente donc un d\u00e9fi majeur pour leur comp\u00e9titivit\u00e9, notamment face \u00e0 des concurrents internationaux non soumis \u00e0 une telle taxation.<\/p><p>Le transport est \u00e9galement fortement touch\u00e9 par cette taxe. Le transport routier subit directement la hausse du prix des carburants, ce qui affecte les co\u00fbts logistiques et le prix des marchandises. L\u2019aviation et le maritime, bien que longtemps \u00e9pargn\u00e9s par certaines r\u00e9gulations, commencent \u00e0 \u00eatre soumis \u00e0 des m\u00e9canismes de taxation du carbone, incitant ces industries \u00e0 investir dans des alternatives comme les biocarburants ou l\u2019\u00e9lectrification partielle.<\/p><p>Enfin, le secteur de l\u2019\u00e9nergie et l\u2019agriculture sont \u00e9galement impact\u00e9s par la taxe carbone. La production d\u2019\u00e9lectricit\u00e9 \u00e0 partir de charbon ou de gaz devient plus co\u00fbteuse, favorisant l\u2019essor des \u00e9nergies renouvelables. En agriculture, la taxe carbone influence l\u2019utilisation des engrais et du transport des produits, augmentant les co\u00fbts pour les exploitants et les consommateurs.<\/p>\t\t\t\t\t\t\t\t<\/div>\n\t\t\t\t<div class=\"elementor-element elementor-element-872f979 elementor-widget elementor-widget-heading\" data-id=\"872f979\" data-element_type=\"widget\" data-e-type=\"widget\" data-widget_type=\"heading.default\">\n\t\t\t\t\t<h3 class=\"elementor-heading-title elementor-size-default\">La taxe carbone est-elle vraiment efficace ?<\/h3>\t\t\t\t<\/div>\n\t\t\t\t<div class=\"elementor-element elementor-element-1600d0f elementor-widget elementor-widget-text-editor\" data-id=\"1600d0f\" data-element_type=\"widget\" data-e-type=\"widget\" data-widget_type=\"text-editor.default\">\n\t\t\t\t\t\t\t\t\t<p>L\u2019efficacit\u00e9 de la taxe carbone varie selon les pays et la mani\u00e8re dont elle est appliqu\u00e9e. Plusieurs \u00e9tudes montrent que lorsqu\u2019elle est bien con\u00e7ue, elle contribue \u00e0 une r\u00e9duction significative des \u00e9missions de co\u2082. En su\u00e8de, o\u00f9 la taxe carbone est en place depuis 1991, les \u00e9missions ont baiss\u00e9 de 27 % entre 1990 et 2018, tandis que l\u2019\u00e9conomie a continu\u00e9 de cro\u00eetre. Au canada, l\u2019instauration progressive d\u2019une taxe carbone a permis une r\u00e9duction des \u00e9missions dans certaines provinces.<\/p><p>En effet, le succ\u00e8s d\u2019une taxe carbone repose sur plusieurs facteurs cl\u00e9s. Son prix doit \u00eatre suffisamment \u00e9lev\u00e9 pour inciter au changement, tout en \u00e9tant progressif pour \u00e9viter un choc \u00e9conomique. De plus, les recettes doivent \u00eatre r\u00e9investies dans la transition \u00e9nerg\u00e9tique et utilis\u00e9es pour soutenir les m\u00e9nages et industries les plus vuln\u00e9rables. Enfin, elle doit s\u2019accompagner d\u2019alternatives viables, comme des aides \u00e0 l\u2019efficacit\u00e9 \u00e9nerg\u00e9tique ou des subventions aux \u00e9nergies renouvelables. Lorsqu\u2019elle est bien appliqu\u00e9e, la taxe carbone devient un levier efficace pour atteindre les objectifs climatiques tout en soutenant l\u2019innovation et l\u2019\u00e9conomie verte.<\/p>\t\t\t\t\t\t\t\t<\/div>\n\t\t\t\t<div class=\"elementor-element elementor-element-d88dadb elementor-widget elementor-widget-heading\" data-id=\"d88dadb\" data-element_type=\"widget\" data-e-type=\"widget\" data-widget_type=\"heading.default\">\n\t\t\t\t\t<h3 class=\"elementor-heading-title elementor-size-default\">Comment calculer la taxe carbone ?<\/h3>\t\t\t\t<\/div>\n\t\t\t\t<div class=\"elementor-element elementor-element-b92a90c elementor-widget elementor-widget-text-editor\" data-id=\"b92a90c\" data-element_type=\"widget\" data-e-type=\"widget\" data-widget_type=\"text-editor.default\">\n\t\t\t\t\t\t\t\t\t<p>La taxe carbone est calcul\u00e9e en fonction de la quantit\u00e9 de co\u2082 \u00e9mise lors de la combustion des \u00e9nergies fossiles. Le prix de la taxe carbone est fix\u00e9 par les gouvernements et peut varier d\u2019un pays \u00e0 l\u2019autre. En europe, par exemple, certaines nations appliquent un tarif sp\u00e9cifique par tonne de co\u2082 \u00e9mise, tandis que d\u2019autres int\u00e8grent cette taxe dans des syst\u00e8mes plus larges, comme le march\u00e9 du carbone. Sa mise en \u0153uvre n\u00e9cessite une r\u00e9gulation stricte pour \u00e9viter les risques de fraude et garantir une application \u00e9quitable entre les diff\u00e9rents secteurs \u00e9conomiques.<\/p>\t\t\t\t\t\t\t\t<\/div>\n\t\t\t\t<div class=\"elementor-element elementor-element-f737171 elementor-widget elementor-widget-heading\" data-id=\"f737171\" data-element_type=\"widget\" data-e-type=\"widget\" data-widget_type=\"heading.default\">\n\t\t\t\t\t<h3 class=\"elementor-heading-title elementor-size-default\">Qui est soumis \u00e0 la taxe carbone ?<\/h3>\t\t\t\t<\/div>\n\t\t\t\t<div class=\"elementor-element elementor-element-71a8216 elementor-widget elementor-widget-heading\" data-id=\"71a8216\" data-element_type=\"widget\" data-e-type=\"widget\" data-widget_type=\"heading.default\">\n\t\t\t\t\t<p class=\"elementor-heading-title elementor-size-default\">La taxe carbone s\u2019applique \u00e0 l\u2019ensemble des acteurs responsables de la consommation et de l\u2019utilisation des \u00e9nergies fossiles. Elle concerne ainsi trois grandes cat\u00e9gories de contributeurs :\n\n<\/p>\t\t\t\t<\/div>\n\t\t\t\t<div class=\"elementor-element elementor-element-867654b elementor-widget elementor-widget-text-editor\" data-id=\"867654b\" data-element_type=\"widget\" data-e-type=\"widget\" data-widget_type=\"text-editor.default\">\n\t\t\t\t\t\t\t\t\t<ul><li>Les entreprises : les industries fortement \u00e9mettrices de co\u2082, comme le secteur de l\u2019\u00e9nergie, du transport, de la chimie et de la construction, sont les premi\u00e8res touch\u00e9es par le paiement de la taxe carbone. Elles doivent int\u00e9grer le co\u00fbt du carbone dans leurs d\u00e9penses et adapter leurs mod\u00e8les afin de r\u00e9duire leur empreinte carbone. Certaines industries b\u00e9n\u00e9ficient d\u2019exemptions ou d\u2019am\u00e9nagements pour limiter l\u2019impact de la taxe carbone sur leur comp\u00e9titivit\u00e9.<\/li><li>Les m\u00e9nages : les consommateurs sont indirectement concern\u00e9s par la taxe carbone, notamment \u00e0 travers la hausse des prix de l\u2019\u00e9nergie, du carburant ou du chauffage. Les foyers qui d\u00e9pendent beaucoup des \u00e9nergies fossiles peuvent ainsi voir leurs d\u00e9penses augmenter, ce qui peut poser des d\u00e9fis pour les m\u00e9nages \u00e0 faible revenu.<\/li><li>Les fournisseurs d\u2019\u00e9nergie et distributeurs : la taxe carbone est souvent appliqu\u00e9e en amont aux entreprises qui importent, raffinent ou distribuent des combustibles fossiles. Elles r\u00e9percutent ensuite ces co\u00fbts sur leurs clients finaux.<\/li><\/ul>\t\t\t\t\t\t\t\t<\/div>\n\t\t\t\t<div class=\"elementor-element elementor-element-161421c elementor-widget elementor-widget-heading\" data-id=\"161421c\" data-element_type=\"widget\" data-e-type=\"widget\" data-widget_type=\"heading.default\">\n\t\t\t\t\t<h3 class=\"elementor-heading-title elementor-size-default\">O\u00f9 vont les fonds de la taxe carbone ?<\/h3>\t\t\t\t<\/div>\n\t\t\t\t<div class=\"elementor-element elementor-element-7b0b8a5 elementor-widget elementor-widget-text-editor\" data-id=\"7b0b8a5\" data-element_type=\"widget\" data-e-type=\"widget\" data-widget_type=\"text-editor.default\">\n\t\t\t\t\t\t\t\t\t<p>Les revenus g\u00e9n\u00e9r\u00e9s par la taxe carbone sont destin\u00e9s \u00e0 financer des projets et politiques en lien avec la transition \u00e9cologique et \u00e9nerg\u00e9tique. Toutefois, leur utilisation varie selon les pays et les d\u00e9cisions gouvernementales.<\/p><p>Dans certains pays, comme la su\u00e8de et le canada, les recettes de la taxe sont principalement r\u00e9investies dans le d\u00e9veloppement des \u00e9nergies renouvelables, l\u2019am\u00e9lioration de l\u2019efficacit\u00e9 \u00e9nerg\u00e9tique et la modernisation des infrastructures bas carbone. Cela permet ainsi d\u2019acc\u00e9l\u00e9rer la transition \u00e9nerg\u00e9tique tout en r\u00e9duisant la d\u00e9pendance aux \u00e9nergies fossiles.<\/p><p>D\u2019autres gouvernements utilisent une partie des fonds pour compenser l\u2019impact \u00e9conomique de la taxe carbone sur les m\u00e9nages et les entreprises, notamment \u00e0 travers des r\u00e9ductions d\u2019imp\u00f4ts, des aides pour les foyers les plus modestes ou des subventions pour les industries en transition.<\/p><p>Dans certains cas, les recettes peuvent \u00e9galement int\u00e9grer le budget g\u00e9n\u00e9ral de l\u2019etat, sans affectation sp\u00e9cifique aux projets \u00e9cologiques. Cette pratique soul\u00e8ve des critiques, car elle r\u00e9duit l\u2019effet incitatif de la taxe pour la transition \u00e9nerg\u00e9tique.<\/p><p>Pour \u00eatre efficace, l\u2019utilisation des fonds issus de la taxe carbone doit \u00eatre transparente et orient\u00e9e vers des actions concr\u00e8tes. Cela permet ainsi de garantir que la taxe carbone joue pleinement son r\u00f4le dans la lutte contre le changement climatique.<\/p>\t\t\t\t\t\t\t\t<\/div>\n\t\t\t\t<div class=\"elementor-element elementor-element-ad0bfc7 elementor-widget elementor-widget-heading\" data-id=\"ad0bfc7\" data-element_type=\"widget\" data-e-type=\"widget\" data-widget_type=\"heading.default\">\n\t\t\t\t\t<h2 class=\"elementor-heading-title elementor-size-default\">La taxe carbone dans le monde\n<\/h2>\t\t\t\t<\/div>\n\t\t\t\t<div class=\"elementor-element elementor-element-f26d4bb elementor-widget elementor-widget-heading\" data-id=\"f26d4bb\" data-element_type=\"widget\" data-e-type=\"widget\" data-widget_type=\"heading.default\">\n\t\t\t\t\t<h3 class=\"elementor-heading-title elementor-size-default\">Quels pays ont la taxe carbone ?<\/h3>\t\t\t\t<\/div>\n\t\t\t\t<div class=\"elementor-element elementor-element-24f0fe8 elementor-widget elementor-widget-text-editor\" data-id=\"24f0fe8\" data-element_type=\"widget\" data-e-type=\"widget\" data-widget_type=\"text-editor.default\">\n\t\t\t\t\t\t\t\t\t<p>De nombreux pays ont adopt\u00e9 une taxe carbone pour encourager la r\u00e9duction des \u00e9missions de co\u2082, comme la <a href=\"https:\/\/shs.cairn.info\/revue-regards-croises-sur-l-economie-2009-2-page-142?lang=fr\">su\u00e8de,<\/a> le <a href=\"https:\/\/www.canada.ca\/fr\/environnement-changement-climatique\/services\/changements-climatiques\/fonctionnement-tarification-pollution\/mesures-pour-mettre-un-prix-sur-carbone\/industrie.html\">canada<\/a> et la <a href=\"https:\/\/www.ecologie.gouv.fr\/sites\/default\/files\/documents\/CEDD-Ref001.pdf\">france.<\/a> Parmi les pionniers, la su\u00e8de applique l\u2019une des taxes les plus \u00e9lev\u00e9es au monde, d\u00e9passant 110 euros par tonne de co\u2082, ce qui a conduit \u00e0 une baisse significative des \u00e9missions. Le canada a mis en place un syst\u00e8me de taxation progressive, avec un prix du carbone qui augmente chaque ann\u00e9e, variant selon les provinces.<\/p><p>En france, une taxe carbone a \u00e9t\u00e9 introduite en 2014 mais son augmentation a \u00e9t\u00e9 suspendue en 2018 suite aux mouvements sociaux. D\u2019autres pays comme la suisse, le royaume-uni, l\u2019allemagne ou encore le japon appliquent \u00e9galement une tarification du carbone, parfois combin\u00e9e \u00e0 des m\u00e9canismes de quotas d\u2019\u00e9mission. Toutefois, le niveau et l\u2019application de cette taxe varient selon les politiques nationales, influen\u00e7ant son efficacit\u00e9 sur la transition \u00e9nerg\u00e9tique.<\/p>\t\t\t\t\t\t\t\t<\/div>\n\t\t\t\t<div class=\"elementor-element elementor-element-8e12c0d elementor-widget__width-inherit elementor-widget elementor-widget-image\" data-id=\"8e12c0d\" data-element_type=\"widget\" data-e-type=\"widget\" data-widget_type=\"image.default\">\n\t\t\t\t\t\t\t\t\t\t\t\t\t\t\t<img decoding=\"async\" width=\"837\" height=\"525\" src=\"https:\/\/d-carbonize.eu\/wp-content\/uploads\/2024\/10\/Screenshot-2024-10-21-11.17.22.png.webp\" class=\"attachment-full size-full wp-image-2084\" alt=\"imp\u00f4t environnemental\" srcset=\"https:\/\/d-carbonize.eu\/wp-content\/uploads\/2024\/10\/Screenshot-2024-10-21-11.17.22.png.webp 837w, https:\/\/d-carbonize.eu\/wp-content\/uploads\/2024\/10\/Screenshot-2024-10-21-11.17.22.png-300x188.webp 300w, https:\/\/d-carbonize.eu\/wp-content\/uploads\/2024\/10\/Screenshot-2024-10-21-11.17.22.png-768x482.webp 768w\" sizes=\"(max-width: 837px) 100vw, 837px\" \/>\t\t\t\t\t\t\t\t\t\t\t\t\t\t\t<\/div>\n\t\t\t\t<div class=\"elementor-element elementor-element-54fac5d elementor-widget elementor-widget-heading\" data-id=\"54fac5d\" data-element_type=\"widget\" data-e-type=\"widget\" data-widget_type=\"heading.default\">\n\t\t\t\t\t<h3 class=\"elementor-heading-title elementor-size-default\">Pourquoi certains pays refusent d\u2019appliquer une taxe carbone ?\n<\/h3>\t\t\t\t<\/div>\n\t\t\t\t<div class=\"elementor-element elementor-element-3d162a8 elementor-widget elementor-widget-text-editor\" data-id=\"3d162a8\" data-element_type=\"widget\" data-e-type=\"widget\" data-widget_type=\"text-editor.default\">\n\t\t\t\t\t\t\t\t\t<p>Bien que la taxe carbone soit adopt\u00e9e dans plusieurs pays, d\u2019autres restent r\u00e9ticents \u00e0 sa mise en place en raison de consid\u00e9rations \u00e9conomiques, sociales et politiques.<\/p><p>L\u2019un des principaux freins est le risque de perte de comp\u00e9titivit\u00e9. Une taxe carbone augmente les co\u00fbts de production des entreprises locales, notamment dans les industries fortement \u00e9mettrices comme la sid\u00e9rurgie, la chimie ou le transport. Face \u00e0 une concurrence internationale, certaines entreprises pourraient choisir de d\u00e9localiser leur production vers des pays o\u00f9 la taxation du carbone n\u2019existe pas, entra\u00eenant un ph\u00e9nom\u00e8ne de \u201cfuite de carbone\u201d et une perte d\u2019emplois locaux.<\/p><p>Les gouvernements craignent \u00e9galement un impact social n\u00e9gatif, en particulier pour les m\u00e9nages \u00e0 faibles revenus. Une hausse des prix de l\u2019\u00e9nergie et des carburants due \u00e0 la taxe carbone pourrait aggraver la pr\u00e9carit\u00e9 \u00e9nerg\u00e9tique et creuser les in\u00e9galit\u00e9s, surtout dans les pays o\u00f9 les alternatives aux \u00e9nergies fossiles sont limit\u00e9es. Des mouvements de contestation, comme celui des gilets jaunes en france, illustrent ces tensions.<\/p><p>Ainsi, plut\u00f4t que d\u2019instaurer une taxe carbone, certains pays privil\u00e9gient des r\u00e9glementations environnementales plus strictes, des incitations fiscales pour les entreprises bas carbone ou des investissements massifs dans les technologies vertes. Ces alternatives permettent d\u2019encourager la transition \u00e9nerg\u00e9tique sans imposer un fardeau \u00e9conomique direct sur les consommateurs et les industries.<\/p>\t\t\t\t\t\t\t\t<\/div>\n\t\t\t\t<div class=\"elementor-element elementor-element-a538277 elementor-widget elementor-widget-heading\" data-id=\"a538277\" data-element_type=\"widget\" data-e-type=\"widget\" data-widget_type=\"heading.default\">\n\t\t\t\t\t<h2 class=\"elementor-heading-title elementor-size-default\">Avantages et inconv\u00e9nients de la taxe carbone<\/h2>\t\t\t\t<\/div>\n\t\t\t\t<div class=\"elementor-element elementor-element-f62bf5b elementor-widget elementor-widget-heading\" data-id=\"f62bf5b\" data-element_type=\"widget\" data-e-type=\"widget\" data-widget_type=\"heading.default\">\n\t\t\t\t\t<h3 class=\"elementor-heading-title elementor-size-default\">Les avantages de la taxe carbone<\/h3>\t\t\t\t<\/div>\n\t\t\t\t<div class=\"elementor-element elementor-element-b479950 elementor-widget elementor-widget-text-editor\" data-id=\"b479950\" data-element_type=\"widget\" data-e-type=\"widget\" data-widget_type=\"text-editor.default\">\n\t\t\t\t\t\t\t\t\t<ul><li><strong>Efficacit\u00e9 \u00e9conomique:<\/strong> la taxe carbone est un levier efficace pour inciter \u00e0 la r\u00e9duction des \u00e9missions de co\u2082 en rendant financi\u00e8rement plus attractives les alternatives bas carbone. En internalisant le co\u00fbt des \u00e9missions, elle encourage \u00e0 optimiser la consommation \u00e9nerg\u00e9tique et \u00e0 adopter des pratiques plus durables.<\/li><li><strong>G\u00e9n\u00e9ration de revenus:<\/strong> les recettes issues de la taxe carbone peuvent \u00eatre r\u00e9investies dans des projets environnementaux, comme le d\u00e9veloppement des \u00e9nergies renouvelables ou l\u2019am\u00e9lioration de l\u2019efficacit\u00e9 \u00e9nerg\u00e9tique. Ces fonds peuvent \u00e9galement servir \u00e0 financer des aides pour les m\u00e9nages et entreprises afin de faciliter leur transition vers des solutions plus durables.<\/li><li><strong>Signal positif:<\/strong> la taxe carbone envoie un signal fort aux entreprises et aux consommateurs en mettant en \u00e9vidence le co\u00fbt environnemental des \u00e9missions de co\u2082. En int\u00e9grant cette donn\u00e9e dans les d\u00e9cisions d\u2019achat et d\u2019investissement, elle favorise le d\u00e9veloppement de solutions technologiques et \u00e9nerg\u00e9tiques moins polluantes.<\/li><li><strong>Stimulation de l\u2019innovation:<\/strong> en augmentant le co\u00fbt des \u00e9nergies fossiles, la taxe carbone incite \u00e9galement les industries \u00e0 investir dans la recherche et le d\u00e9veloppement de technologies bas carbone. Ainsi, la taxe carbone encourage l\u2019\u00e9mergence de solutions innovantes, comme les carburants alternatifs, l\u2019\u00e9lectrification des transports ou encore l\u2019am\u00e9lioration des proc\u00e9d\u00e9s industriels.<\/li><li><strong>Am\u00e9lioration de la comp\u00e9titivit\u00e9 des \u00e9nergies renouvelables:<\/strong> en rendant les combustibles fossiles plus chers, la taxe carbone r\u00e9duit l\u2019\u00e9cart de co\u00fbt entre les \u00e9nergies conventionnelles et les \u00e9nergies renouvelables. Cette mesure permet d\u2019acc\u00e9l\u00e9rer le d\u00e9ploiement des technologies vertes en les rendant plus comp\u00e9titives face aux solutions polluantes.<\/li><li><strong>Pr\u00e9servation des ressources naturelles:<\/strong> en incitant \u00e0 une r\u00e9duction de la consommation de combustibles fossiles, la taxe carbone contribue \u00e0 la pr\u00e9servation des ressources naturelles limit\u00e9es, comme le p\u00e9trole, le gaz et le charbon. Cette approche favorise une gestion plus durable des \u00e9nergies et limite les impacts n\u00e9gatifs de leur exploitation sur les \u00e9cosyst\u00e8mes.<\/li><li><strong>Contribution aux engagements climatiques internationaux:<\/strong> de nombreux pays ont pris des engagements pour atteindre la neutralit\u00e9 carbone et respecter l\u2019accord de paris. La taxe carbone permet d\u2019aligner les politiques \u00e9conomiques avec ces objectifs en int\u00e9grant un m\u00e9canisme de r\u00e9duction syst\u00e9matique des \u00e9missions de co\u2082.<\/li><li><strong>Encouragement \u00e0 la relocalisation verte:<\/strong> en taxant les produits et services \u00e0 forte empreinte carbone, la taxe carbone peut inciter certaines entreprises \u00e0 relocaliser leur production dans des pays o\u00f9 l\u2019\u00e9lectricit\u00e9 est plus verte. Cela permet de r\u00e9duire l\u2019empreinte carbone li\u00e9e au transport et favorise l\u2019essor d\u2019une industrie plus propre au niveau local.<\/li><li><strong>Cr\u00e9ation d\u2019emplois dans les secteurs durables:<\/strong> les fonds g\u00e9n\u00e9r\u00e9s par la taxe carbone peuvent \u00eatre r\u00e9investis dans des industries vertes, g\u00e9n\u00e9rant ainsi des emplois dans le secteur des \u00e9nergies renouvelables, de la r\u00e9novation \u00e9nerg\u00e9tique ou encore des nouvelles mobilit\u00e9s.<\/li><\/ul>\t\t\t\t\t\t\t\t<\/div>\n\t\t\t\t<div class=\"elementor-element elementor-element-3b96170 elementor-widget elementor-widget-heading\" data-id=\"3b96170\" data-element_type=\"widget\" data-e-type=\"widget\" data-widget_type=\"heading.default\">\n\t\t\t\t\t<h3 class=\"elementor-heading-title elementor-size-default\">Les inconv\u00e9nients de la taxe carbone<\/h3>\t\t\t\t<\/div>\n\t\t\t\t<div class=\"elementor-element elementor-element-fb45b69 elementor-widget elementor-widget-text-editor\" data-id=\"fb45b69\" data-element_type=\"widget\" data-e-type=\"widget\" data-widget_type=\"text-editor.default\">\n\t\t\t\t\t\t\t\t\t<ul><li><strong>Impact sur le pouvoir d\u2019achat:<\/strong> la taxe carbone entra\u00eene une hausse du prix des \u00e9nergies fossiles, ce qui affecte directement les consommateurs. Les m\u00e9nages \u00e0 faible revenu sont particuli\u00e8rement vuln\u00e9rables, car ils disposent de moins de marges de man\u0153uvre pour adapter leur consommation \u00e9nerg\u00e9tique ou investir dans des alternatives plus durables.<\/li><li><strong>Risque de d\u00e9localisation:<\/strong> les entreprises fortement \u00e9mettrices de co2 peuvent choisir de d\u00e9placer leur production vers des pays o\u00f9 la taxation du carbone est inexistante ou moins contraignante. Cela peut entra\u00eener une perte d\u2019emplois locaux et r\u00e9duire l\u2019efficacit\u00e9 climatique de la mesure si les \u00e9missions sont simplement transf\u00e9r\u00e9es ailleurs, sans r\u00e9elle diminution globale.<\/li><li><strong>Complexit\u00e9 administrative:<\/strong> la mise en \u0153uvre d\u2019une taxe carbone requiert un suivi pr\u00e9cis des \u00e9missions et une gestion rigoureuse par les administrations fiscales. Son application implique des co\u00fbts suppl\u00e9mentaires pour les entreprises, qui doivent mettre en place des outils de comptabilisation et de reporting conformes aux exigences r\u00e9glementaires.<\/li><li><strong>Comp\u00e9titivit\u00e9 des entreprises:<\/strong> les entreprises soumises \u00e0 une taxe carbone peuvent voir leurs co\u00fbts de production augmenter par rapport \u00e0 des concurrents \u00e9trangers non soumis \u00e0 cette contrainte. La taxe carbone peut ainsi cr\u00e9er un d\u00e9savantage \u00e9conomique pour les industries locales, notamment dans les secteurs \u00e0 forte intensit\u00e9 \u00e9nerg\u00e9tique, et limiter leur capacit\u00e9 d\u2019investissement dans des solutions bas carbone.<\/li><li><strong>Acceptabilit\u00e9 sociale et contestations:<\/strong>la taxe carbone peut \u00eatre mal per\u00e7ue par la population si elle est jug\u00e9e injuste ou trop punitive. Sans compensations suffisantes, elle peut provoquer une forte opposition sociale et politique, rendant son application difficile, voire impossible \u00e0 maintenir \u00e0 long terme.<\/li><li><strong>Efficacit\u00e9 variable selon les secteurs:<\/strong>tous les secteurs ne peuvent pas r\u00e9duire leurs \u00e9missions de co2 au m\u00eame rythme, ni avec les m\u00eames solutions. Certains, comme le transport routier ou l\u2019agriculture, disposent de moins d\u2019alternatives viables \u00e0 court terme, rendant l\u2019impact de la taxe carbone plus p\u00e9nalisant sans pour autant garantir une transition \u00e9nerg\u00e9tique rapide.<\/li><\/ul>\t\t\t\t\t\t\t\t<\/div>\n\t\t\t\t<div class=\"elementor-element elementor-element-ca13580 elementor-widget elementor-widget-heading\" data-id=\"ca13580\" data-element_type=\"widget\" data-e-type=\"widget\" data-widget_type=\"heading.default\">\n\t\t\t\t\t<h2 class=\"elementor-heading-title elementor-size-default\">Impact de la taxe carbone sur les entreprises et les consommateurs\n<\/h2>\t\t\t\t<\/div>\n\t\t\t\t<div class=\"elementor-element elementor-element-b10cd5f elementor-widget elementor-widget-heading\" data-id=\"b10cd5f\" data-element_type=\"widget\" data-e-type=\"widget\" data-widget_type=\"heading.default\">\n\t\t\t\t\t<p class=\"elementor-heading-title elementor-size-default\">Pour s\u2019adapter \u00e0 la taxe carbone, les entreprises doivent am\u00e9liorer leur efficacit\u00e9 \u00e9nerg\u00e9tique, en innovant dans les technologies bas carbone, et en modifiant leurs mod\u00e8les d\u2019affaires afin d\u2019inclure des pratiques plus durables. cette adaptation entra\u00eene souvent une hausse des prix des biens et services pour les consommateurs, en raison des co\u00fbts additionnels li\u00e9s \u00e0 la taxation des \u00e9missions de co2. Pour limiter l\u2019impact sur les m\u00e9nages et les secteurs les plus vuln\u00e9rables, des mesures d\u2019accompagnement telles que des aides financi\u00e8res, des exemptions, ou des compensations sont souvent mises en place.\n\n<\/p>\t\t\t\t<\/div>\n\t\t\t\t<div class=\"elementor-element elementor-element-1238aa7 elementor-widget elementor-widget-heading\" data-id=\"1238aa7\" data-element_type=\"widget\" data-e-type=\"widget\" data-widget_type=\"heading.default\">\n\t\t\t\t\t<h2 class=\"elementor-heading-title elementor-size-default\">Comment la taxe carbone contribue \u00e0 la transition \u00e9nerg\u00e9tique ?\n<\/h2>\t\t\t\t<\/div>\n\t\t\t\t<div class=\"elementor-element elementor-element-3642c90 elementor-widget elementor-widget-text-editor\" data-id=\"3642c90\" data-element_type=\"widget\" data-e-type=\"widget\" data-widget_type=\"text-editor.default\">\n\t\t\t\t\t\t\t\t\t<p>La taxe carbone joue un r\u00f4le cl\u00e9 dans la transition \u00e9nerg\u00e9tique en incitant les entreprises, les industries et les consommateurs \u00e0 revoir leur mod\u00e8le de consommation d\u2019\u00e9nergie. En augmentant le co\u00fbt des \u00e9nergies fossiles comme le p\u00e9trole, le gaz et le charbon, elle encourage une transition progressive vers des sources d\u2019\u00e9nergie plus propres et durables. Cette hausse des prix pousse les entreprises \u00e0 repenser leurs processus de production, \u00e0 investir dans des technologies moins polluantes et \u00e0 privil\u00e9gier des alternatives comme l\u2019\u00e9lectrification des \u00e9quipements ou l\u2019am\u00e9lioration de l\u2019efficacit\u00e9 \u00e9nerg\u00e9tique des b\u00e2timents et des infrastructures.<\/p><p>Les revenus g\u00e9n\u00e9r\u00e9s par la taxe carbone sont un levier essentiel pour financer des projets verts. Ces fonds peuvent \u00eatre utilis\u00e9s pour d\u00e9velopper les \u00e9nergies renouvelables, comme le solaire, l\u2019\u00e9olien ou la biomasse, mais aussi pour soutenir des initiatives visant \u00e0 moderniser les r\u00e9seaux \u00e9nerg\u00e9tiques et \u00e0 favoriser l\u2019innovation dans les technologies bas carbone. Certaines politiques publiques allouent \u00e9galement une partie des recettes \u00e0 l\u2019accompagnement des m\u00e9nages et des entreprises dans leur transition, sous forme de subventions pour l\u2019isolation des logements, d\u2019aides \u00e0 l\u2019achat de v\u00e9hicules \u00e9lectriques ou d\u2019incitations pour le recours aux transports en commun.<\/p><p>En int\u00e9grant le co\u00fbt environnemental des \u00e9missions dans l\u2019\u00e9conomie, la taxe carbone contribue ainsi \u00e0 atteindre les objectifs climatiques nationaux et internationaux, comme ceux fix\u00e9s par l\u2019accord de paris. Elle permet non seulement de r\u00e9duire les \u00e9missions de gaz \u00e0 effet de serre, mais aussi d\u2019acc\u00e9l\u00e9rer l\u2019adoption de mod\u00e8les de production et de consommation plus respectueux de l\u2019environnement, essentiels pour limiter le r\u00e9chauffement climatique \u00e0 long terme.<\/p>\t\t\t\t\t\t\t\t<\/div>\n\t\t\t\t<div class=\"elementor-element elementor-element-01e4a97 elementor-widget elementor-widget-heading\" data-id=\"01e4a97\" data-element_type=\"widget\" data-e-type=\"widget\" data-widget_type=\"heading.default\">\n\t\t\t\t\t<h2 class=\"elementor-heading-title elementor-size-default\">Comment la taxe carbone contribue \u00e0 la transition \u00e9nerg\u00e9tique ?<\/h2>\t\t\t\t<\/div>\n\t\t\t\t<div class=\"elementor-element elementor-element-e9aa4da elementor-widget elementor-widget-heading\" data-id=\"e9aa4da\" data-element_type=\"widget\" data-e-type=\"widget\" data-widget_type=\"heading.default\">\n\t\t\t\t\t<p class=\"elementor-heading-title elementor-size-default\">La taxe carbone contribue \u00e0 la transition \u00e9nerg\u00e9tique en g\u00e9n\u00e9rant des recettes qui peuvent \u00eatre r\u00e9investies dans des projets verts, tels que le d\u00e9veloppement des \u00e9nergies renouvelables (solaire, \u00e9olien) et l'am\u00e9lioration de l'efficacit\u00e9 \u00e9nerg\u00e9tique. En augmentant le co\u00fbt des combustibles fossiles, elle incite les entreprises et les consommateurs \u00e0 modifier leurs comportements, en favorisant les solutions \u00e0 faible \u00e9mission de carbone. Cette taxe contribue \u00e0 la r\u00e9alisation des objectifs climatiques nationaux et internationaux, tels que ceux de l'accord de paris, en r\u00e9duisant les \u00e9missions de gaz \u00e0 effet de serre et en acc\u00e9l\u00e9rant la transition \u00e9nerg\u00e9tique vers un mod\u00e8le plus durable.<\/p>\t\t\t\t<\/div>\n\t\t\t\t<div class=\"elementor-element elementor-element-afe51d1 elementor-widget elementor-widget-heading\" data-id=\"afe51d1\" data-element_type=\"widget\" data-e-type=\"widget\" data-widget_type=\"heading.default\">\n\t\t\t\t\t<h2 class=\"elementor-heading-title elementor-size-default\">Quels sont les enjeux de la taxe carbone ?<\/h2>\t\t\t\t<\/div>\n\t\t\t\t<div class=\"elementor-element elementor-element-38ea7f4 elementor-widget elementor-widget-text-editor\" data-id=\"38ea7f4\" data-element_type=\"widget\" data-e-type=\"widget\" data-widget_type=\"text-editor.default\">\n\t\t\t\t\t\t\t\t\t<p>La taxe carbone soul\u00e8ve plusieurs enjeux \u00e9conomiques, sociaux et environnementaux, tant pour les entreprises que pour les consommateurs et les gouvernements.<\/p><p>Sur le plan environnemental, cette taxe vise \u00e0 r\u00e9duire les \u00e9missions de gaz \u00e0 effet de serre (ges) en rendant l\u2019utilisation des \u00e9nergies fossiles plus co\u00fbteuse. Cette pratique permet d\u2019encourager le d\u00e9veloppement des \u00e9nergies renouvelables et l\u2019adoption de solutions bas carbone, contribuant ainsi \u00e0 l\u2019atteinte des objectifs climatiques internationaux, comme ceux de l\u2019accord de paris.<\/p><p>D\u2019un point de vue \u00e9conomique, la taxe carbone peut favoriser l\u2019innovation en incitant les entreprises \u00e0 investir dans des technologies propres et \u00e0 am\u00e9liorer leur efficacit\u00e9 \u00e9nerg\u00e9tique. Cependant, elle peut aussi poser un probl\u00e8me de comp\u00e9titivit\u00e9 pour certaines industries soumises \u00e0 une forte concurrence internationale, si elle entra\u00eene des co\u00fbts plus \u00e9lev\u00e9s que dans d\u2019autres pays.<\/p><p>Enfin, sur le plan social, l\u2019impact de la taxe sur le pouvoir d\u2019achat des m\u00e9nages est un d\u00e9fi majeur. Une augmentation du prix de l\u2019\u00e9nergie peut toucher plus durement les foyers modestes. Pour att\u00e9nuer ces effets, des m\u00e9canismes de compensation financi\u00e8re ou des aides cibl\u00e9es peuvent \u00eatre mis en place afin d\u2019assurer une transition \u00e9quitable pour tous.<\/p>\t\t\t\t\t\t\t\t<\/div>\n\t\t\t\t<div class=\"elementor-element elementor-element-eae3ca0 elementor-widget elementor-widget-heading\" data-id=\"eae3ca0\" data-element_type=\"widget\" data-e-type=\"widget\" data-widget_type=\"heading.default\">\n\t\t\t\t\t<h2 class=\"elementor-heading-title elementor-size-default\">Les alternatives \u00e0 la taxe carbone\n<\/h2>\t\t\t\t<\/div>\n\t\t\t\t<div class=\"elementor-element elementor-element-69c367a elementor-widget elementor-widget-text-editor\" data-id=\"69c367a\" data-element_type=\"widget\" data-e-type=\"widget\" data-widget_type=\"text-editor.default\">\n\t\t\t\t\t\t\t\t\t<p>Si la taxe carbone est un outil efficace pour r\u00e9duire les \u00e9missions de co\u2082, elle n\u2019est pas la seule solution envisageable. D\u2019autres m\u00e9canismes existent pour inciter \u00e0 la transition \u00e9nerg\u00e9tique et limiter l\u2019empreinte carbone des entreprises et des particuliers.<\/p><p>L\u2019une des principales alternatives \u00e0 la taxe carbone est le syst\u00e8me d\u2019\u00e9change de quotas d\u2019\u00e9mission, aussi appel\u00e9 march\u00e9 du carbone. Ce dispositif repose sur un principe de plafonnement des \u00e9missions globales, o\u00f9 les entreprises re\u00e7oivent ou ach\u00e8tent des quotas de co\u2082. Si elles d\u00e9passent leur limite, elles doivent acheter des droits d\u2019\u00e9mission suppl\u00e9mentaires aupr\u00e8s d\u2019autres acteurs ayant r\u00e9duit leurs propres rejets. Ce syst\u00e8me, utilis\u00e9 notamment en europe avec le syst\u00e8me d\u2019\u00e9change de quotas d\u2019\u00e9mission de l\u2019ue (etc), encourage une r\u00e9duction progressive des \u00e9missions tout en laissant une certaine flexibilit\u00e9 aux entreprises.<\/p><p>Une autre alternative est l\u2019incitation fiscale, qui repose sur des r\u00e9ductions d\u2019imp\u00f4ts ou des subventions pour les acteurs qui investissent dans des technologies propres. Plut\u00f4t que de taxer les pollueurs, ce m\u00e9canisme r\u00e9compense financi\u00e8rement ceux qui adoptent des solutions bas carbone, comme les \u00e9nergies renouvelables, l\u2019efficacit\u00e9 \u00e9nerg\u00e9tique ou l\u2019\u00e9lectrification des transports.<\/p><p>Enfin, les r\u00e9gulations environnementales plus strictes peuvent \u00e9galement remplacer la taxe carbone. Ainsi, certains gouvernements imposent des normes obligatoires, comme l\u2019interdiction progressive des moteurs thermiques ou des seuils d\u2019\u00e9missions pour les industries. Ces r\u00e9glementations contraignent directement les entreprises \u00e0 s\u2019adapter sans passer par une tarification du carbone.<\/p><p>Chaque alternative pr\u00e9sente des avantages et des limites, et dans de nombreux cas, une combinaison de ces approches permet d\u2019atteindre les objectifs climatiques de mani\u00e8re plus efficace et \u00e9quilibr\u00e9e.<\/p>\t\t\t\t\t\t\t\t<\/div>\n\t\t\t\t<div class=\"elementor-element elementor-element-445be76 elementor-widget elementor-widget-heading\" data-id=\"445be76\" data-element_type=\"widget\" data-e-type=\"widget\" data-widget_type=\"heading.default\">\n\t\t\t\t\t<h2 class=\"elementor-heading-title elementor-size-default\">Quel avenir pour la taxe carbone ?<\/h2>\t\t\t\t<\/div>\n\t\t\t\t<div class=\"elementor-element elementor-element-136d9ff elementor-widget elementor-widget-text-editor\" data-id=\"136d9ff\" data-element_type=\"widget\" data-e-type=\"widget\" data-widget_type=\"text-editor.default\">\n\t\t\t\t\t\t\t\t\t<p>L\u2019avenir de la taxe carbone repose sur son harmonisation et son efficacit\u00e9 \u00e0 l\u2019\u00e9chelle mondiale. Alors que certains pays renforcent leur fiscalit\u00e9 carbone pour acc\u00e9l\u00e9rer la transition \u00e9nerg\u00e9tique, d\u2019autres restent r\u00e9ticents en raison des impacts \u00e9conomiques et sociaux. Une coordination internationale est donc essentielle pour \u00e9viter les distorsions de comp\u00e9titivit\u00e9 et les risques de d\u00e9localisation d\u2019industries vers des pays sans taxation carbone.<\/p><p>Une \u00e9volution de la taxe carbone avec une meilleure redistribution des fonds, notamment avec davantage d\u2019aides aux m\u00e9nages et entreprises pour financer des solutions bas carbone, est envisag\u00e9e. De plus, l\u2019int\u00e9gration de nouvelles technologies de capture et stockage du co\u2082 pourrait venir compl\u00e9ter cette fiscalit\u00e9 environnementale.<\/p><p>Enfin, des discussions portent sur l\u2019instauration d\u2019un m\u00e9canisme d\u2019ajustement carbone aux fronti\u00e8res pour taxer les importations en fonction de leur empreinte carbone, afin de garantir une transition \u00e9quitable et efficace, au niveau mondial.<\/p>\t\t\t\t\t\t\t\t<\/div>\n\t\t\t\t<\/div>\n\t\t\t\t\t<\/div>\n\t\t\t\t<\/div>\n\t\t\t\t<\/div>","protected":false},"excerpt":{"rendered":"<p>La taxe carbone est un imp\u00f4t appliqu\u00e9 sur les \u00e9missions de co2, visant \u00e0 inciter les entreprises et les particuliers \u00e0 r\u00e9duire leur empreinte carbone. Bas\u00e9e sur le principe du \"pollueur-payeur\", elle encourage l'utilisation d'\u00e9nergies renouvelables. Elle contribue \u00e0 financer des projets de transition \u00e9nerg\u00e9tique.<\/p>","protected":false},"author":1,"featured_media":2054,"comment_status":"closed","ping_status":"closed","sticky":false,"template":"","format":"standard","meta":{"_acf_changed":false,"footnotes":""},"categories":[1],"tags":[],"class_list":["post-2052","post","type-post","status-publish","format-standard","has-post-thumbnail","hentry","category-blog"],"acf":[],"yoast_head":"<!-- This site is optimized with the Yoast SEO plugin v27.3 - https:\/\/yoast.com\/product\/yoast-seo-wordpress\/ -->\n<title>Carbon Tax: What is it? | D-Carbonize<\/title>\n<meta name=\"description\" content=\"The carbon tax imposes a cost on CO2 emissions to incentivize businesses and consumers to reduce their carbon footprint and \u2026\" \/>\n<meta name=\"robots\" content=\"index, follow, max-snippet:-1, max-image-preview:large, max-video-preview:-1\" \/>\n<link rel=\"canonical\" href=\"https:\/\/d-carbonize.eu\/fr\/taxe-carbone\/\" \/>\n<meta property=\"og:locale\" content=\"fr_FR\" \/>\n<meta property=\"og:type\" content=\"article\" \/>\n<meta property=\"og:title\" content=\"Carbon Tax: What is it? | D-Carbonize\" \/>\n<meta property=\"og:description\" content=\"The carbon tax imposes a cost on CO2 emissions to incentivize businesses and consumers to reduce their carbon footprint and \u2026\" \/>\n<meta property=\"og:url\" content=\"https:\/\/d-carbonize.eu\/fr\/taxe-carbone\/\" \/>\n<meta property=\"og:site_name\" content=\"D-Carbonize\" \/>\n<meta property=\"article:published_time\" content=\"2024-10-21T12:02:00+00:00\" \/>\n<meta property=\"article:modified_time\" content=\"2026-02-23T07:02:27+00:00\" \/>\n<meta property=\"og:image\" content=\"https:\/\/d-carbonize.eu\/wp-content\/uploads\/2024\/10\/pexels-rob-mowe-711409-29022040.webp\" \/>\n\t<meta property=\"og:image:width\" content=\"1280\" \/>\n\t<meta property=\"og:image:height\" content=\"853\" \/>\n\t<meta property=\"og:image:type\" content=\"image\/webp\" \/>\n<meta name=\"author\" content=\"Jaimish\" \/>\n<meta name=\"twitter:card\" content=\"summary_large_image\" \/>\n<meta name=\"twitter:label1\" content=\"\u00c9crit par\" \/>\n\t<meta name=\"twitter:data1\" content=\"Jaimish\" \/>\n\t<meta name=\"twitter:label2\" content=\"Dur\u00e9e de lecture estim\u00e9e\" \/>\n\t<meta name=\"twitter:data2\" content=\"15 minutes\" \/>\n<script type=\"application\/ld+json\" class=\"yoast-schema-graph\">{\"@context\":\"https:\\\/\\\/schema.org\",\"@graph\":[{\"@type\":\"Article\",\"@id\":\"https:\\\/\\\/d-carbonize.eu\\\/fr\\\/carbon-tax\\\/#article\",\"isPartOf\":{\"@id\":\"https:\\\/\\\/d-carbonize.eu\\\/fr\\\/carbon-tax\\\/\"},\"author\":{\"name\":\"Jaimish\",\"@id\":\"https:\\\/\\\/d-carbonize.eu\\\/fr\\\/#\\\/schema\\\/person\\\/b9dac9922f82f032a297605c6ab896cd\"},\"headline\":\"Carbon tax: what is it?\",\"datePublished\":\"2024-10-21T12:02:00+00:00\",\"dateModified\":\"2026-02-23T07:02:27+00:00\",\"mainEntityOfPage\":{\"@id\":\"https:\\\/\\\/d-carbonize.eu\\\/fr\\\/carbon-tax\\\/\"},\"wordCount\":3277,\"publisher\":{\"@id\":\"https:\\\/\\\/d-carbonize.eu\\\/fr\\\/#organization\"},\"image\":{\"@id\":\"https:\\\/\\\/d-carbonize.eu\\\/fr\\\/carbon-tax\\\/#primaryimage\"},\"thumbnailUrl\":\"https:\\\/\\\/d-carbonize.eu\\\/wp-content\\\/uploads\\\/2024\\\/10\\\/pexels-rob-mowe-711409-29022040.webp\",\"articleSection\":[\"Blog\"],\"inLanguage\":\"fr-FR\"},{\"@type\":\"WebPage\",\"@id\":\"https:\\\/\\\/d-carbonize.eu\\\/fr\\\/carbon-tax\\\/\",\"url\":\"https:\\\/\\\/d-carbonize.eu\\\/fr\\\/carbon-tax\\\/\",\"name\":\"Carbon Tax: What is it? | D-Carbonize\",\"isPartOf\":{\"@id\":\"https:\\\/\\\/d-carbonize.eu\\\/fr\\\/#website\"},\"primaryImageOfPage\":{\"@id\":\"https:\\\/\\\/d-carbonize.eu\\\/fr\\\/carbon-tax\\\/#primaryimage\"},\"image\":{\"@id\":\"https:\\\/\\\/d-carbonize.eu\\\/fr\\\/carbon-tax\\\/#primaryimage\"},\"thumbnailUrl\":\"https:\\\/\\\/d-carbonize.eu\\\/wp-content\\\/uploads\\\/2024\\\/10\\\/pexels-rob-mowe-711409-29022040.webp\",\"datePublished\":\"2024-10-21T12:02:00+00:00\",\"dateModified\":\"2026-02-23T07:02:27+00:00\",\"description\":\"The carbon tax imposes a cost on CO2 emissions to incentivize businesses and consumers to reduce their carbon footprint and \u2026\",\"breadcrumb\":{\"@id\":\"https:\\\/\\\/d-carbonize.eu\\\/fr\\\/carbon-tax\\\/#breadcrumb\"},\"inLanguage\":\"fr-FR\",\"potentialAction\":[{\"@type\":\"ReadAction\",\"target\":[\"https:\\\/\\\/d-carbonize.eu\\\/fr\\\/carbon-tax\\\/\"]}]},{\"@type\":\"ImageObject\",\"inLanguage\":\"fr-FR\",\"@id\":\"https:\\\/\\\/d-carbonize.eu\\\/fr\\\/carbon-tax\\\/#primaryimage\",\"url\":\"https:\\\/\\\/d-carbonize.eu\\\/wp-content\\\/uploads\\\/2024\\\/10\\\/pexels-rob-mowe-711409-29022040.webp\",\"contentUrl\":\"https:\\\/\\\/d-carbonize.eu\\\/wp-content\\\/uploads\\\/2024\\\/10\\\/pexels-rob-mowe-711409-29022040.webp\",\"width\":1280,\"height\":853,\"caption\":\"Qu'est-ce que la taxe carbone ?\"},{\"@type\":\"BreadcrumbList\",\"@id\":\"https:\\\/\\\/d-carbonize.eu\\\/fr\\\/carbon-tax\\\/#breadcrumb\",\"itemListElement\":[{\"@type\":\"ListItem\",\"position\":1,\"name\":\"Home\",\"item\":\"https:\\\/\\\/d-carbonize.eu\\\/\"},{\"@type\":\"ListItem\",\"position\":2,\"name\":\"Carbon tax: what is it?\"}]},{\"@type\":\"WebSite\",\"@id\":\"https:\\\/\\\/d-carbonize.eu\\\/fr\\\/#website\",\"url\":\"https:\\\/\\\/d-carbonize.eu\\\/fr\\\/\",\"name\":\"D-Carbonize\",\"description\":\"We Empower organisations to reduce their carbon footprint\",\"publisher\":{\"@id\":\"https:\\\/\\\/d-carbonize.eu\\\/fr\\\/#organization\"},\"potentialAction\":[{\"@type\":\"SearchAction\",\"target\":{\"@type\":\"EntryPoint\",\"urlTemplate\":\"https:\\\/\\\/d-carbonize.eu\\\/fr\\\/?s={search_term_string}\"},\"query-input\":{\"@type\":\"PropertyValueSpecification\",\"valueRequired\":true,\"valueName\":\"search_term_string\"}}],\"inLanguage\":\"fr-FR\"},{\"@type\":\"Organization\",\"@id\":\"https:\\\/\\\/d-carbonize.eu\\\/fr\\\/#organization\",\"name\":\"D-Carbonize\",\"url\":\"https:\\\/\\\/d-carbonize.eu\\\/fr\\\/\",\"logo\":{\"@type\":\"ImageObject\",\"inLanguage\":\"fr-FR\",\"@id\":\"https:\\\/\\\/d-carbonize.eu\\\/fr\\\/#\\\/schema\\\/logo\\\/image\\\/\",\"url\":\"https:\\\/\\\/d-carbonize.eu\\\/wp-content\\\/uploads\\\/2025\\\/09\\\/Figure-\u2192-d-carbo_vertical.svg\",\"contentUrl\":\"https:\\\/\\\/d-carbonize.eu\\\/wp-content\\\/uploads\\\/2025\\\/09\\\/Figure-\u2192-d-carbo_vertical.svg\",\"width\":196,\"height\":25,\"caption\":\"D-Carbonize\"},\"image\":{\"@id\":\"https:\\\/\\\/d-carbonize.eu\\\/fr\\\/#\\\/schema\\\/logo\\\/image\\\/\"}},{\"@type\":\"Person\",\"@id\":\"https:\\\/\\\/d-carbonize.eu\\\/fr\\\/#\\\/schema\\\/person\\\/b9dac9922f82f032a297605c6ab896cd\",\"name\":\"Jaimish\",\"image\":{\"@type\":\"ImageObject\",\"inLanguage\":\"fr-FR\",\"@id\":\"https:\\\/\\\/secure.gravatar.com\\\/avatar\\\/0d0bdf8fd205508c6d53e027742322739a80465e63346ff0e1e7b93ef700479c?s=96&d=mm&r=g\",\"url\":\"https:\\\/\\\/secure.gravatar.com\\\/avatar\\\/0d0bdf8fd205508c6d53e027742322739a80465e63346ff0e1e7b93ef700479c?s=96&d=mm&r=g\",\"contentUrl\":\"https:\\\/\\\/secure.gravatar.com\\\/avatar\\\/0d0bdf8fd205508c6d53e027742322739a80465e63346ff0e1e7b93ef700479c?s=96&d=mm&r=g\",\"caption\":\"Jaimish\"},\"sameAs\":[\"https:\\\/\\\/d-carbonize.eu\"],\"url\":\"https:\\\/\\\/d-carbonize.eu\\\/fr\\\/author\\\/jaimish\\\/\"}]}<\/script>\n<!-- \/ Yoast SEO plugin. -->","yoast_head_json":{"title":"Tout comprendre sur la taxe carbone | D-Carbonize","description":"La taxe carbone est un imp\u00f4t sur le CO2, fond\u00e9 sur le principe du pollueur-payeur, pour inciter entreprises et particuliers \u00e0 r\u00e9duire leurs \u00e9missions.","robots":{"index":"index","follow":"follow","max-snippet":"max-snippet:-1","max-image-preview":"max-image-preview:large","max-video-preview":"max-video-preview:-1"},"canonical":"https:\/\/d-carbonize.eu\/fr\/taxe-carbone\/","og_locale":"fr_FR","og_type":"article","og_title":"Carbon Tax: What is it? | D-Carbonize","og_description":"The carbon tax imposes a cost on CO2 emissions to incentivize businesses and consumers to reduce their carbon footprint and \u2026","og_url":"https:\/\/d-carbonize.eu\/fr\/taxe-carbone\/","og_site_name":"D-Carbonize","article_published_time":"2024-10-21T12:02:00+00:00","article_modified_time":"2026-02-23T07:02:27+00:00","og_image":[{"width":1280,"height":853,"url":"https:\/\/d-carbonize.eu\/wp-content\/uploads\/2024\/10\/pexels-rob-mowe-711409-29022040.webp","type":"image\/webp"}],"author":"Jaimish","twitter_card":"summary_large_image","twitter_misc":{"\u00c9crit par":"Jaimish","Dur\u00e9e de lecture estim\u00e9e":"15 minutes"},"schema":{"@context":"https:\/\/schema.org","@graph":[{"@type":"Article","@id":"https:\/\/d-carbonize.eu\/fr\/carbon-tax\/#article","isPartOf":{"@id":"https:\/\/d-carbonize.eu\/fr\/carbon-tax\/"},"author":{"name":"Jaimish","@id":"https:\/\/d-carbonize.eu\/fr\/#\/schema\/person\/b9dac9922f82f032a297605c6ab896cd"},"headline":"Carbon tax: what is it?","datePublished":"2024-10-21T12:02:00+00:00","dateModified":"2026-02-23T07:02:27+00:00","mainEntityOfPage":{"@id":"https:\/\/d-carbonize.eu\/fr\/carbon-tax\/"},"wordCount":3277,"publisher":{"@id":"https:\/\/d-carbonize.eu\/fr\/#organization"},"image":{"@id":"https:\/\/d-carbonize.eu\/fr\/carbon-tax\/#primaryimage"},"thumbnailUrl":"https:\/\/d-carbonize.eu\/wp-content\/uploads\/2024\/10\/pexels-rob-mowe-711409-29022040.webp","articleSection":["Blog"],"inLanguage":"fr-FR"},{"@type":"WebPage","@id":"https:\/\/d-carbonize.eu\/fr\/carbon-tax\/","url":"https:\/\/d-carbonize.eu\/fr\/carbon-tax\/","name":"Tout comprendre sur la taxe carbone | D-Carbonize","isPartOf":{"@id":"https:\/\/d-carbonize.eu\/fr\/#website"},"primaryImageOfPage":{"@id":"https:\/\/d-carbonize.eu\/fr\/carbon-tax\/#primaryimage"},"image":{"@id":"https:\/\/d-carbonize.eu\/fr\/carbon-tax\/#primaryimage"},"thumbnailUrl":"https:\/\/d-carbonize.eu\/wp-content\/uploads\/2024\/10\/pexels-rob-mowe-711409-29022040.webp","datePublished":"2024-10-21T12:02:00+00:00","dateModified":"2026-02-23T07:02:27+00:00","description":"La taxe carbone est un imp\u00f4t sur le CO2, fond\u00e9 sur le principe du pollueur-payeur, pour inciter entreprises et particuliers \u00e0 r\u00e9duire leurs \u00e9missions.","breadcrumb":{"@id":"https:\/\/d-carbonize.eu\/fr\/carbon-tax\/#breadcrumb"},"inLanguage":"fr-FR","potentialAction":[{"@type":"ReadAction","target":["https:\/\/d-carbonize.eu\/fr\/carbon-tax\/"]}]},{"@type":"ImageObject","inLanguage":"fr-FR","@id":"https:\/\/d-carbonize.eu\/fr\/carbon-tax\/#primaryimage","url":"https:\/\/d-carbonize.eu\/wp-content\/uploads\/2024\/10\/pexels-rob-mowe-711409-29022040.webp","contentUrl":"https:\/\/d-carbonize.eu\/wp-content\/uploads\/2024\/10\/pexels-rob-mowe-711409-29022040.webp","width":1280,"height":853,"caption":"Qu'est-ce que la taxe carbone ?"},{"@type":"BreadcrumbList","@id":"https:\/\/d-carbonize.eu\/fr\/carbon-tax\/#breadcrumb","itemListElement":[{"@type":"ListItem","position":1,"name":"Home","item":"https:\/\/d-carbonize.eu\/"},{"@type":"ListItem","position":2,"name":"Carbon tax: what is it?"}]},{"@type":"WebSite","@id":"https:\/\/d-carbonize.eu\/fr\/#website","url":"https:\/\/d-carbonize.eu\/fr\/","name":"D-Carbonize","description":"Nous donnons aux organisations les moyens de r\u00e9duire leur empreinte carbone","publisher":{"@id":"https:\/\/d-carbonize.eu\/fr\/#organization"},"potentialAction":[{"@type":"SearchAction","target":{"@type":"EntryPoint","urlTemplate":"https:\/\/d-carbonize.eu\/fr\/?s={search_term_string}"},"query-input":{"@type":"PropertyValueSpecification","valueRequired":true,"valueName":"search_term_string"}}],"inLanguage":"fr-FR"},{"@type":"Organization","@id":"https:\/\/d-carbonize.eu\/fr\/#organization","name":"D-Carbonize","url":"https:\/\/d-carbonize.eu\/fr\/","logo":{"@type":"ImageObject","inLanguage":"fr-FR","@id":"https:\/\/d-carbonize.eu\/fr\/#\/schema\/logo\/image\/","url":"https:\/\/d-carbonize.eu\/wp-content\/uploads\/2025\/09\/Figure-\u2192-d-carbo_vertical.svg","contentUrl":"https:\/\/d-carbonize.eu\/wp-content\/uploads\/2025\/09\/Figure-\u2192-d-carbo_vertical.svg","width":196,"height":25,"caption":"D-Carbonize"},"image":{"@id":"https:\/\/d-carbonize.eu\/fr\/#\/schema\/logo\/image\/"}},{"@type":"Person","@id":"https:\/\/d-carbonize.eu\/fr\/#\/schema\/person\/b9dac9922f82f032a297605c6ab896cd","name":"Jaimish","image":{"@type":"ImageObject","inLanguage":"fr-FR","@id":"https:\/\/secure.gravatar.com\/avatar\/0d0bdf8fd205508c6d53e027742322739a80465e63346ff0e1e7b93ef700479c?s=96&d=mm&r=g","url":"https:\/\/secure.gravatar.com\/avatar\/0d0bdf8fd205508c6d53e027742322739a80465e63346ff0e1e7b93ef700479c?s=96&d=mm&r=g","contentUrl":"https:\/\/secure.gravatar.com\/avatar\/0d0bdf8fd205508c6d53e027742322739a80465e63346ff0e1e7b93ef700479c?s=96&d=mm&r=g","caption":"Jaimish"},"sameAs":["https:\/\/d-carbonize.eu"],"url":"https:\/\/d-carbonize.eu\/fr\/author\/jaimish\/"}]}},"_links":{"self":[{"href":"https:\/\/d-carbonize.eu\/fr\/wp-json\/wp\/v2\/posts\/2052","targetHints":{"allow":["GET"]}}],"collection":[{"href":"https:\/\/d-carbonize.eu\/fr\/wp-json\/wp\/v2\/posts"}],"about":[{"href":"https:\/\/d-carbonize.eu\/fr\/wp-json\/wp\/v2\/types\/post"}],"author":[{"embeddable":true,"href":"https:\/\/d-carbonize.eu\/fr\/wp-json\/wp\/v2\/users\/1"}],"replies":[{"embeddable":true,"href":"https:\/\/d-carbonize.eu\/fr\/wp-json\/wp\/v2\/comments?post=2052"}],"version-history":[{"count":98,"href":"https:\/\/d-carbonize.eu\/fr\/wp-json\/wp\/v2\/posts\/2052\/revisions"}],"predecessor-version":[{"id":15035,"href":"https:\/\/d-carbonize.eu\/fr\/wp-json\/wp\/v2\/posts\/2052\/revisions\/15035"}],"wp:featuredmedia":[{"embeddable":true,"href":"https:\/\/d-carbonize.eu\/fr\/wp-json\/wp\/v2\/media\/2054"}],"wp:attachment":[{"href":"https:\/\/d-carbonize.eu\/fr\/wp-json\/wp\/v2\/media?parent=2052"}],"wp:term":[{"taxonomy":"category","embeddable":true,"href":"https:\/\/d-carbonize.eu\/fr\/wp-json\/wp\/v2\/categories?post=2052"},{"taxonomy":"post_tag","embeddable":true,"href":"https:\/\/d-carbonize.eu\/fr\/wp-json\/wp\/v2\/tags?post=2052"}],"curies":[{"name":"wp","href":"https:\/\/api.w.org\/{rel}","templated":true}]}}