{"id":3435,"date":"2023-10-06T08:37:22","date_gmt":"2023-10-06T08:37:22","guid":{"rendered":"https:\/\/d-carbonize.eu\/?p=3435"},"modified":"2026-03-10T15:58:55","modified_gmt":"2026-03-10T15:58:55","slug":"bilan-carbone-obligation","status":"publish","type":"post","link":"https:\/\/d-carbonize.eu\/fr\/blog\/carbon-accounting-obligation\/","title":{"rendered":"Bilan carbone : est-il obligatoire ?"},"content":{"rendered":"<div id=\"bsf_rt_marker\"><\/div>\t\t<div data-elementor-type=\"wp-post\" data-elementor-id=\"3435\" class=\"elementor elementor-3435\" data-elementor-post-type=\"post\">\n\t\t\t\t<div class=\"elementor-element elementor-element-a8c0a35 e-flex e-con-boxed e-con e-parent\" data-id=\"a8c0a35\" data-element_type=\"container\" data-e-type=\"container\">\n\t\t\t\t\t<div class=\"e-con-inner\">\n\t\t\t\t<div class=\"elementor-element elementor-element-1e9a746 elementor-widget__width-inherit elementor-widget elementor-widget-image\" data-id=\"1e9a746\" data-element_type=\"widget\" data-e-type=\"widget\" data-widget_type=\"image.default\">\n\t\t\t\t\t\t\t\t\t\t\t\t\t\t\t<img fetchpriority=\"high\" decoding=\"async\" width=\"1536\" height=\"742\" src=\"https:\/\/d-carbonize.eu\/wp-content\/uploads\/2025\/10\/tingey-injury-law-firm-DZpc4UY8ZtY-unsplash-e1712584913495-1536x742-1.webp\" class=\"attachment-full size-full wp-image-3439\" alt=\"Carbon footprint legally required\" srcset=\"https:\/\/d-carbonize.eu\/wp-content\/uploads\/2025\/10\/tingey-injury-law-firm-DZpc4UY8ZtY-unsplash-e1712584913495-1536x742-1.webp 1536w, https:\/\/d-carbonize.eu\/wp-content\/uploads\/2025\/10\/tingey-injury-law-firm-DZpc4UY8ZtY-unsplash-e1712584913495-1536x742-1-300x145.webp 300w, https:\/\/d-carbonize.eu\/wp-content\/uploads\/2025\/10\/tingey-injury-law-firm-DZpc4UY8ZtY-unsplash-e1712584913495-1536x742-1-1024x495.webp 1024w, https:\/\/d-carbonize.eu\/wp-content\/uploads\/2025\/10\/tingey-injury-law-firm-DZpc4UY8ZtY-unsplash-e1712584913495-1536x742-1-768x371.webp 768w\" sizes=\"(max-width: 1536px) 100vw, 1536px\" \/>\t\t\t\t\t\t\t\t\t\t\t\t\t\t\t<\/div>\n\t\t<div class=\"elementor-element elementor-element-f1914af e-con-full e-flex e-con e-child\" data-id=\"f1914af\" data-element_type=\"container\" data-e-type=\"container\">\n\t\t\t\t<div class=\"elementor-element elementor-element-5d07e16 elementor-widget elementor-widget-heading\" data-id=\"5d07e16\" data-element_type=\"widget\" data-e-type=\"widget\" data-widget_type=\"heading.default\">\n\t\t\t\t\t<h2 class=\"elementor-heading-title elementor-size-default\">Introduction<\/h2>\t\t\t\t<\/div>\n\t\t\t\t<div class=\"elementor-element elementor-element-5a8f3de elementor-widget elementor-widget-text-editor\" data-id=\"5a8f3de\" data-element_type=\"widget\" data-e-type=\"widget\" data-widget_type=\"text-editor.default\">\n\t\t\t\t\t\t\t\t\t<p>Les entreprises se demandent souvent si le bilan carbone est obligatoire.<br \/>La r\u00e9ponse est : cela d\u00e9pend de la taille de l\u2019entreprise. en effet, les <a href=\"https:\/\/d-carbonize.eu\/fr\/blog\/bilan-carbone-quelle-entreprise\/\"><a href=\"https:\/\/d-carbonize.eu\/fr\/bilan-carbone\/entreprises-concernees\/\"> entreprises qui r\u00e9pondent \u00e0 certains crit\u00e8res <\/a><\/a> (chiffre d\u2019affaires, nombre de salari\u00e9s\u2026) doivent rendre des comptes sur leur impact environnemental. la l\u00e9gislation change rapidement et ces crit\u00e8res sont fr\u00e9quemment modifi\u00e9s, il est donc important de se tenir inform\u00e9 pour \u00e9viter les sanctions.<\/p><p>Cela dit, la tendance au niveau de la l\u00e9gislation environnementale est que le bilan carbone deviendra au fur et \u00e0 mesure obligatoire pour toutes les entreprises, peu importe leur taille. En france, il existe d\u00e9j\u00e0 une <a href=\"\/fr\/strategie-nationale-bas-carbone\/\"><a href=\"\/fr\/strategie-nationale-bas-carbone\/\"> strat\u00e9gie nationale bas carbone<\/a><\/a> visant \u00e0 guider les entreprises vers la neutralit\u00e9 carbone d'ici 2050, conform\u00e9ment aux accords de paris. Cette strat\u00e9gie n'est pas directement obligatoire, mais elle \u00e9tablit un cadre de politique publique influen\u00e7ant et dictant les obligations l\u00e9gales et r\u00e9glementaires dans diff\u00e9rents secteurs.<\/p><p>Outre le caract\u00e8re obligatoire, beaucoup d\u2019entreprises mesurent leur empreinte carbone pour, entre autres, r\u00e9duire leurs co\u00fbts op\u00e9rationnels, am\u00e9liorer leur image de marque employeur et se d\u00e9marquer de leurs comp\u00e9titeurs. Il reste essentiel pour toutes les entreprises de mesurer et r\u00e9duire leur empreinte carbone afin de prot\u00e9ger l'environnement pour les g\u00e9n\u00e9rations futures.<\/p>\t\t\t\t\t\t\t\t<\/div>\n\t\t\t\t<div class=\"elementor-element elementor-element-742e6da elementor-widget elementor-widget-heading\" data-id=\"742e6da\" data-element_type=\"widget\" data-e-type=\"widget\" data-widget_type=\"heading.default\">\n\t\t\t\t\t<h2 class=\"elementor-heading-title elementor-size-default\">Le cadre r\u00e9glementaire en europe\n<\/h2>\t\t\t\t<\/div>\n\t\t\t\t<div class=\"elementor-element elementor-element-9f3f176 elementor-widget elementor-widget-text-editor\" data-id=\"9f3f176\" data-element_type=\"widget\" data-e-type=\"widget\" data-widget_type=\"text-editor.default\">\n\t\t\t\t\t\t\t\t\t<p>Le cadre r\u00e9glementaire en europe exige des entreprises qu'elles \u00e9valuent leur empreinte carbone et qu'elles en rendent compte.<\/p><p>L'union europ\u00e9enne a publi\u00e9 en 2018 le r\u00e8glement relatif \u00e0 la surveillance, <a href=\"https:\/\/climate.ec.europa.eu\/eu-action\/carbon-markets\/eu-emissions-trading-system-eu-ets\/monitoring-reporting-and-verification_en\"><a href=\"https:\/\/eur-lex.europa.eu\/FR\/legal-content\/summary\/monitoring-reporting-and-verification-of-ships-emissions.html\"> r\u00e8glement relatif \u00e0 la surveillance,<\/a><\/a>, <a href=\"https:\/\/climate.ec.europa.eu\/eu-action\/carbon-markets\/eu-emissions-trading-system-eu-ets\/monitoring-reporting-and-verification_en\"><a href=\"https:\/\/eur-lex.europa.eu\/FR\/legal-content\/summary\/monitoring-reporting-and-verification-of-ships-emissions.html\"> \u00e0 la d\u00e9claration et \u00e0 la v\u00e9rification (MRV) des \u00e9missions de gaz \u00e0 effet de serre, <\/a><\/a> qui a introduit une m\u00e9thodologie comptable harmonis\u00e9e pour l'\u00e9valuation des \u00e9missions. Ce r\u00e8glement est obligatoire pour les grands \u00e9metteurs - notamment ceux des secteurs du transport, de l'\u00e9nergie, de la gestion des d\u00e9chets, de la fabrication et de la construction - qui sont tenus de mesurer et de surveiller r\u00e9guli\u00e8rement leurs \u00e9missions.<\/p><p>En janvier 2024, le <a href=\"\/fr\/csrd\/\"><a href=\"\/fr\/csrd\/\"> corporate sustainability reporting directive<\/a><\/a> ou plus commun\u00e9ment appel\u00e9 csrd, imposera aux grandes organisations jusqu\u2019au plus petites d\u2019ici 2028 de d\u00e9clarer les \u00e9missions de co2 sur les scopes 1, 2, et 3.<\/p>\t\t\t\t\t\t\t\t<\/div>\n\t\t\t\t<div class=\"elementor-element elementor-element-1cf7063 elementor-widget elementor-widget-heading\" data-id=\"1cf7063\" data-element_type=\"widget\" data-e-type=\"widget\" data-widget_type=\"heading.default\">\n\t\t\t\t\t<h3 class=\"elementor-heading-title elementor-size-default\">France - l\u2019article 75 de la loi grenelle\n<\/h3>\t\t\t\t<\/div>\n\t\t\t\t<div class=\"elementor-element elementor-element-7539718 elementor-widget elementor-widget-text-editor\" data-id=\"7539718\" data-element_type=\"widget\" data-e-type=\"widget\" data-widget_type=\"text-editor.default\">\n\t\t\t\t\t\t\t\t\t<p>En france, l\u2019 article 75 de la loi grenelle II exige des entreprises qu'elles prennent des mesures pour r\u00e9duire leur empreinte carbone. Dans le cadre de cette initiative, les entreprises doivent \u00e9tablir et mettre en \u0153uvre un syst\u00e8me de gestion environnementale (SGE) - comprenant des objectifs, des indicateurs de performance et des processus de contr\u00f4le des r\u00e9ductions d'\u00e9missions. elles sont donc assujetties \u00e0 l'obligation de r\u00e9alisation d'un bilan d'\u00e9missions de gaz \u00e0 effet de serre ( BEGES ).<\/p>\t\t\t\t\t\t\t\t<\/div>\n\t\t\t\t<div class=\"elementor-element elementor-element-53f582b elementor-widget elementor-widget-heading\" data-id=\"53f582b\" data-element_type=\"widget\" data-e-type=\"widget\" data-widget_type=\"heading.default\">\n\t\t\t\t\t<p class=\"elementor-heading-title elementor-size-default\">Les entreprises concern\u00e9es:\n<\/p>\t\t\t\t<\/div>\n\t\t\t\t<div class=\"elementor-element elementor-element-43463e8 elementor-widget elementor-widget-text-editor\" data-id=\"43463e8\" data-element_type=\"widget\" data-e-type=\"widget\" data-widget_type=\"text-editor.default\">\n\t\t\t\t\t\t\t\t\t<ul class=\"bullet-list-ul reset-ul\"><li class=\"d-flex align-items-center\">Les personnes morales de droit priv\u00e9 de plus de 500 salari\u00e9s en france m\u00e9tropolitaine<\/li><li class=\"d-flex align-items-center\">Les personnes morales de droit priv\u00e9 de 250 salari\u00e9s dans les r\u00e9gions et d\u00e9partements d'outre-mer diff\u00e9rencier le bilan carbone et le bilan ges (beges)<\/li><\/ul>\t\t\t\t\t\t\t\t<\/div>\n\t\t\t\t<div class=\"elementor-element elementor-element-5438fd6 elementor-widget elementor-widget-heading\" data-id=\"5438fd6\" data-element_type=\"widget\" data-e-type=\"widget\" data-widget_type=\"heading.default\">\n\t\t\t\t\t<h3 class=\"elementor-heading-title elementor-size-default\">Diff\u00e9rencier le bilan carbone et le bilan GES\n<\/h3>\t\t\t\t<\/div>\n\t\t\t\t<div class=\"elementor-element elementor-element-92e6eca elementor-widget elementor-widget-text-editor\" data-id=\"92e6eca\" data-element_type=\"widget\" data-e-type=\"widget\" data-widget_type=\"text-editor.default\">\n\t\t\t\t\t\t\t\t\t<p>Lors de l'\u00e9valuation de leur impact environnemental, les entreprises doivent faire la distinction entre deux types de calculs diff\u00e9rents : bilan carbone et bilan ges (beges).<\/p><ul><li>Le bilan carbone d\u00e9signe la fa\u00e7on la plus compl\u00e8te de r\u00e9aliser un bilan de gaz \u00e0 effet de serre puisqu\u2019il inclut aussi bien les donn\u00e9es sur l'\u00e9nergie utilis\u00e9e dans les processus de production ou le carburant consomm\u00e9 par les v\u00e9hicules de l'entreprise que les autres \u00e9missions indirectes associ\u00e9es aux activit\u00e9s de l\u2019organisation.<\/li><li>En revanche, le bilan ges (beges) n\u2019implique pas le m\u00eame p\u00e9rim\u00e8tre de reporting. Il couvre les \u00e9missions directes tandis que la prise en compte du scope 3 est uniquement recommand\u00e9e. Ce type d'\u00e9valuation peut \u00eatre particuli\u00e8rement utile pour les entreprises qui souhaitent r\u00e9aliser un premier bilan de fa\u00e7on simplifi\u00e9e.<\/li><\/ul>\t\t\t\t\t\t\t\t<\/div>\n\t\t<div class=\"elementor-element elementor-element-905f89d e-con-full e-flex e-con e-child\" data-id=\"905f89d\" data-element_type=\"container\" data-e-type=\"container\" data-settings=\"{&quot;background_background&quot;:&quot;classic&quot;}\">\n\t\t<div class=\"elementor-element elementor-element-942cc09 e-con-full e-flex e-con e-child\" data-id=\"942cc09\" data-element_type=\"container\" data-e-type=\"container\">\n\t\t\t\t<div class=\"elementor-element elementor-element-5903eab elementor-widget__width-initial elementor-widget elementor-widget-heading\" data-id=\"5903eab\" data-element_type=\"widget\" data-e-type=\"widget\" data-widget_type=\"heading.default\">\n\t\t\t\t\t<h2 class=\"elementor-heading-title elementor-size-default\">Votre empreinte carbone gratuite vous attend!<\/h2>\t\t\t\t<\/div>\n\t\t\t\t<div class=\"elementor-element elementor-element-40dabd1 elementor-widget elementor-widget-heading\" data-id=\"40dabd1\" data-element_type=\"widget\" data-e-type=\"widget\" data-widget_type=\"heading.default\">\n\t\t\t\t\t<p class=\"elementor-heading-title elementor-size-default\">Enregistrez-vous \u00e0 notre essai gratuit, r\u00e9pondez \u00e0 20 questions, et recevez votre 1e empreinte carbone!\n\n\n<\/p>\t\t\t\t<\/div>\n\t\t\t\t<div class=\"elementor-element elementor-element-146aad4 elementor-widget elementor-widget-button\" data-id=\"146aad4\" data-element_type=\"widget\" data-e-type=\"widget\" data-settings=\"{&quot;motion_fx_motion_fx_mouse&quot;:&quot;yes&quot;}\" data-widget_type=\"button.default\">\n\t\t\t\t\t\t\t\t\t\t<a class=\"elementor-button elementor-button-link elementor-size-sm\" href=\"https:\/\/scan.carbon-cockpit.eu\/auth\/login\">\n\t\t\t\t\t\t<span class=\"elementor-button-content-wrapper\">\n\t\t\t\t\t\t\t\t\t<span class=\"elementor-button-text\">D\u00e9marrer<\/span>\n\t\t\t\t\t<\/span>\n\t\t\t\t\t<\/a>\n\t\t\t\t\t\t\t\t<\/div>\n\t\t\t\t<\/div>\n\t\t\t\t<\/div>\n\t\t\t\t<div class=\"elementor-element elementor-element-161421c elementor-widget elementor-widget-heading\" data-id=\"161421c\" data-element_type=\"widget\" data-e-type=\"widget\" data-widget_type=\"heading.default\">\n\t\t\t\t\t<h3 class=\"elementor-heading-title elementor-size-default\">Les dispositions de la CSRD\n<\/h3>\t\t\t\t<\/div>\n\t\t\t\t<div class=\"elementor-element elementor-element-c2d9d81 elementor-widget elementor-widget-text-editor\" data-id=\"c2d9d81\" data-element_type=\"widget\" data-e-type=\"widget\" data-widget_type=\"text-editor.default\">\n\t\t\t\t\t\t\t\t\t<p>Les dispositions de la directive europ\u00e9enne CSRD (Corporate Sustainability Reporting Directive) imposent aux entreprises d'\u00e9valuer leurs \u00e9missions de carbone et de prendre des mesures pour les r\u00e9duire. Les entreprises doivent surveiller et rendre compte de leurs progr\u00e8s en mati\u00e8re de r\u00e9duction des \u00e9missions, ainsi que des mesures qu'elles prennent pour y parvenir. Cela concerne aussi la partie financi\u00e8re et sociale de leurs activit\u00e9s ainsi que leurs pratiques de gouvernance.<\/p><p>La r\u00e9daction d'avis techniques est \u00e9galement obligatoire pour certaines activit\u00e9s telles que les projets de construction ou les installations industrielles. Ces avis couvrent une s\u00e9rie de sujets, notamment les incidences potentielles sur l'environnement, la pr\u00e9vention de la pollution et les mesures d'att\u00e9nuation du changement climatique<\/p>\t\t\t\t\t\t\t\t<\/div>\n\t\t\t\t<div class=\"elementor-element elementor-element-1c14ed2 elementor-widget elementor-widget-heading\" data-id=\"1c14ed2\" data-element_type=\"widget\" data-e-type=\"widget\" data-widget_type=\"heading.default\">\n\t\t\t\t\t<p class=\"elementor-heading-title elementor-size-default\">Les entreprises concern\u00e9es de 2024 \u00e0 2028 :\n<\/p>\t\t\t\t<\/div>\n\t\t\t\t<div class=\"elementor-element elementor-element-1889042 elementor-widget elementor-widget-text-editor\" data-id=\"1889042\" data-element_type=\"widget\" data-e-type=\"widget\" data-widget_type=\"text-editor.default\">\n\t\t\t\t\t\t\t\t\t<ul class=\"bullet-list-ul reset-ul\"><li class=\"d-flex align-items-center\">Les entreprises de plus de 250 salari\u00e9s<\/li><li class=\"d-flex align-items-center\">Les PME (petites et moyennes entreprises) cot\u00e9es en bourse<\/li><li class=\"d-flex align-items-center\">Les entreprises non europ\u00e9ennes avec un chiffre d\u2019affaires sup\u00e9rieur \u00e0 150 millions d\u2019euros r\u00e9alis\u00e9 sur le march\u00e9 ue<\/li><\/ul>\t\t\t\t\t\t\t\t<\/div>\n\t\t\t\t<div class=\"elementor-element elementor-element-03ba18e elementor-widget elementor-widget-heading\" data-id=\"03ba18e\" data-element_type=\"widget\" data-e-type=\"widget\" data-widget_type=\"heading.default\">\n\t\t\t\t\t<h3 class=\"elementor-heading-title elementor-size-default\">Quelles sanctions pour les entreprises qui ne respectent pas leurs obligations?\n<\/h3>\t\t\t\t<\/div>\n\t\t\t\t<div class=\"elementor-element elementor-element-3c6b227 elementor-widget elementor-widget-text-editor\" data-id=\"3c6b227\" data-element_type=\"widget\" data-e-type=\"widget\" data-widget_type=\"text-editor.default\">\n\t\t\t\t\t\t\t\t\t<div id=\"what-are-the-different-categories-of-scope-2\" class=\"elementor-element elementor-element-1531d416 elementor-widget elementor-widget-hub_fancy_heading\" data-id=\"1531d416\" data-element_type=\"widget\" data-widget_type=\"hub_fancy_heading.default\"><div class=\"elementor-widget-container\"><div id=\"ld-fancy-heading-68de2b5217985\" class=\"ld-fancy-heading pos-rel\"><p class=\"ld-fh-element d-inline-block pos-rel lqd-highlight-classic lqd-highlight-grow-left p\">Les entreprises qui ne respectent pas les r\u00e9glementations relatives \u00e0 l'empreinte carbone peuvent \u00eatre confront\u00e9es \u00e0 diverses sanctions, en fonction de la juridiction dans laquelle elles op\u00e8rent. En france, par exemple, les entreprises peuvent se voir infliger une amende pouvant aller jusqu'\u00e0 15 millions d'euros en cas de non-respect des exigences de l'article 75 ou du r\u00e8glement (ue) 2018\/841.<\/p><\/div><\/div><\/div><div class=\"elementor-element elementor-element-2712c16 elementor-widget elementor-widget-hub_fancy_heading\" data-id=\"2712c16\" data-element_type=\"widget\" data-widget_type=\"hub_fancy_heading.default\"><div class=\"elementor-widget-container\"><div id=\"ld-fancy-heading-68de2b5217f9b\" class=\"ld-fancy-heading pos-rel\"><p class=\"ld-fh-element d-inline-block pos-rel lqd-highlight-classic lqd-highlight-grow-left p\">Pour \u00e9viter ces sanctions financi\u00e8res, il est important que les entreprises \u00e9valuent leur empreinte carbone conform\u00e9ment aux r\u00e9glementations applicables et prennent des mesures pour r\u00e9duire les \u00e9missions de gaz \u00e0 effet de serre.<\/p><\/div><\/div><\/div>\t\t\t\t\t\t\t\t<\/div>\n\t\t\t\t<div class=\"elementor-element elementor-element-1254c3f elementor-widget elementor-widget-heading\" data-id=\"1254c3f\" data-element_type=\"widget\" data-e-type=\"widget\" data-widget_type=\"heading.default\">\n\t\t\t\t\t<h2 class=\"elementor-heading-title elementor-size-default\">En quoi consiste un bilan carbone obligatoire?\n<\/h2>\t\t\t\t<\/div>\n\t\t\t\t<div class=\"elementor-element elementor-element-334a6ae elementor-widget elementor-widget-heading\" data-id=\"334a6ae\" data-element_type=\"widget\" data-e-type=\"widget\" data-widget_type=\"heading.default\">\n\t\t\t\t\t<p class=\"elementor-heading-title elementor-size-default\">Dans l'Union europ\u00e9enne, les entreprises doivent \u00e9valuer leur empreinte carbone et en rendre compte conform\u00e9ment au r\u00e8glement sur la surveillance, la d\u00e9claration et la v\u00e9rification (mrv).\n<\/p>\t\t\t\t<\/div>\n\t\t\t\t<div class=\"elementor-element elementor-element-9808031 elementor-widget elementor-widget-heading\" data-id=\"9808031\" data-element_type=\"widget\" data-e-type=\"widget\" data-widget_type=\"heading.default\">\n\t\t\t\t\t<h3 class=\"elementor-heading-title elementor-size-default\">Les types d'\u00e9missions mesur\u00e9es par le bilan carbone\n<\/h3>\t\t\t\t<\/div>\n\t\t\t\t<div class=\"elementor-element elementor-element-879a997 elementor-widget elementor-widget-text-editor\" data-id=\"879a997\" data-element_type=\"widget\" data-e-type=\"widget\" data-widget_type=\"text-editor.default\">\n\t\t\t\t\t\t\t\t\t<p>Le bilan carbone obligatoire doit inclure toutes les \u00e9missions directes et indirectes li\u00e9es aux activit\u00e9s d'une organisation, y compris celles provenant de la production et consommation d'\u00e9nergie, du transport, ainsi que les \u00e9missions g\u00e9n\u00e9r\u00e9es par toutes les composantes de la cha\u00eene d'approvisionnement. Il inclut \u00e9galement les \u00e9missions provenant des processus de gestion des d\u00e9chets, tels que le compostage ou l'incin\u00e9ration.<\/p><p>Outre les \u00e9missions de gaz \u00e0 effet de serre, en fonction de la r\u00e9glementation en vigueur, les entreprises doivent \u00e9galement mesurer leur impact environnemental comme l\u2019utilisation des sols et la gestion de l'eau. Ce type d'\u00e9valuation fournit des informations pr\u00e9cieuses sur la mani\u00e8re dont les d\u00e9cisions d'une organisation ont un impact sur l'environnement local.<\/p><p class=\"translation-block\">Certaines lois comme la CSRD vont encore plus loin en incluant l\u2019impact social sur la collectivit\u00e9 (par exemple, la diversit\u00e9 et l\u2019inclusion dans le personnel de l\u2019entreprise) et les pratiques de gouvernance (par exemple, la protection des lanceurs d\u2019alerte).<\/p>\t\t\t\t\t\t\t\t<\/div>\n\t\t<div class=\"elementor-element elementor-element-9c777d8 e-con-full e-flex e-con e-child\" data-id=\"9c777d8\" data-element_type=\"container\" data-e-type=\"container\">\n\t\t<div class=\"elementor-element elementor-element-8381cf8 e-con-full e-flex e-con e-child\" data-id=\"8381cf8\" data-element_type=\"container\" data-e-type=\"container\">\n\t\t<div class=\"elementor-element elementor-element-223a094 e-con-full e-flex e-con e-child\" data-id=\"223a094\" data-element_type=\"container\" data-e-type=\"container\">\n\t\t\t\t<div class=\"elementor-element elementor-element-2c38051 elementor-widget__width-inherit elementor-widget elementor-widget-image\" data-id=\"2c38051\" data-element_type=\"widget\" data-e-type=\"widget\" data-widget_type=\"image.default\">\n\t\t\t\t\t\t\t\t\t\t\t\t\t\t\t\t<a href=\"#elementor-action%3Aaction%3Dpopup%3Aopen%26settings%3DeyJpZCI6Ijg5NjkiLCJ0b2dnbGUiOmZhbHNlfQ%3D%3D\">\n\t\t\t\t\t\t\t<img decoding=\"async\" width=\"524\" height=\"324\" src=\"https:\/\/d-carbonize.eu\/wp-content\/uploads\/2025\/09\/Webinar_Dcar_ID2Green_092024-1.jpg\" class=\"attachment-full size-full wp-image-1535\" alt=\"\" srcset=\"https:\/\/d-carbonize.eu\/wp-content\/uploads\/2025\/09\/Webinar_Dcar_ID2Green_092024-1.jpg 524w, https:\/\/d-carbonize.eu\/wp-content\/uploads\/2025\/09\/Webinar_Dcar_ID2Green_092024-1-300x185.jpg 300w\" sizes=\"(max-width: 524px) 100vw, 524px\" \/>\t\t\t\t\t\t\t\t<\/a>\n\t\t\t\t\t\t\t\t\t\t\t\t\t\t\t<\/div>\n\t\t\t\t<\/div>\n\t\t<div class=\"elementor-element elementor-element-769848f e-con-full e-flex e-con e-child\" data-id=\"769848f\" data-element_type=\"container\" data-e-type=\"container\">\n\t\t\t\t<div class=\"elementor-element elementor-element-2164d0f elementor-widget elementor-widget-heading\" data-id=\"2164d0f\" data-element_type=\"widget\" data-e-type=\"widget\" data-widget_type=\"heading.default\">\n\t\t\t\t\t<h2 class=\"elementor-heading-title elementor-size-default\">Comment d\u00e9carboner votre entreprise ?<\/h2>\t\t\t\t<\/div>\n\t\t\t\t<div class=\"elementor-element elementor-element-4b6f263 elementor-widget elementor-widget-heading\" data-id=\"4b6f263\" data-element_type=\"widget\" data-e-type=\"widget\" data-widget_type=\"heading.default\">\n\t\t\t\t\t<p class=\"elementor-heading-title elementor-size-default translation-block\">Acc\u00e9dez \u00e0 notre <b>webinaire<\/b> de 30 minutes et d\u00e9couvrez les conseils strat\u00e9giques de nos expert pour d\u00e9carboner votre entreprise.<\/p>\t\t\t\t<\/div>\n\t\t\t\t<div class=\"elementor-element elementor-element-f7cc076 elementor-widget elementor-widget-button\" data-id=\"f7cc076\" data-element_type=\"widget\" data-e-type=\"widget\" data-settings=\"{&quot;motion_fx_motion_fx_mouse&quot;:&quot;yes&quot;}\" data-widget_type=\"button.default\">\n\t\t\t\t\t\t\t\t\t\t<a class=\"elementor-button elementor-button-link elementor-size-sm\" href=\"#elementor-action%3Aaction%3Dpopup%3Aopen%26settings%3DeyJpZCI6IjE5NTciLCJ0b2dnbGUiOmZhbHNlfQ%3D%3D\">\n\t\t\t\t\t\t<span class=\"elementor-button-content-wrapper\">\n\t\t\t\t\t\t\t\t\t<span class=\"elementor-button-text\">Watch<\/span>\n\t\t\t\t\t<\/span>\n\t\t\t\t\t<\/a>\n\t\t\t\t\t\t\t\t<\/div>\n\t\t\t\t<\/div>\n\t\t\t\t<\/div>\n\t\t\t\t<div class=\"elementor-element elementor-element-1b0534e elementor-widget elementor-widget-image\" data-id=\"1b0534e\" data-element_type=\"widget\" data-e-type=\"widget\" data-widget_type=\"image.default\">\n\t\t\t\t\t\t\t\t\t\t\t\t\t\t\t<img decoding=\"async\" width=\"437\" height=\"80\" src=\"https:\/\/d-carbonize.eu\/wp-content\/uploads\/2025\/09\/Frame-596.svg\" class=\"attachment-full size-full wp-image-1536\" alt=\"\" \/>\t\t\t\t\t\t\t\t\t\t\t\t\t\t\t<\/div>\n\t\t\t\t<\/div>\n\t\t\t\t<div class=\"elementor-element elementor-element-45e3e7e elementor-widget elementor-widget-heading\" data-id=\"45e3e7e\" data-element_type=\"widget\" data-e-type=\"widget\" data-widget_type=\"heading.default\">\n\t\t\t\t\t<h3 class=\"elementor-heading-title elementor-size-default\">Le logiciel de bilan carbone : l\u2019outil indispensable\n<\/h3>\t\t\t\t<\/div>\n\t\t\t\t<div class=\"elementor-element elementor-element-a4b0e79 elementor-widget elementor-widget-text-editor\" data-id=\"a4b0e79\" data-element_type=\"widget\" data-e-type=\"widget\" data-widget_type=\"text-editor.default\">\n\t\t\t\t\t\t\t\t\t<p>La meilleure fa\u00e7on pour les entreprises de respecter leurs engagements environnementaux est d'utiliser les logiciels d'empreinte carbone. Pour les autres types d\u2019impact (social, gouvernance et avis techniques), il est n\u00e9cessaire de faire appel \u00e0 des consultants sp\u00e9cialis\u00e9s. Ensemble, ces moyens d\u2019actions aident les entreprises \u00e0 se mettre en conformit\u00e9 avec les diff\u00e9rentes lois applicables.<\/p><p>Avec d-carbonize, les entreprises peuvent b\u00e9n\u00e9ficier de l\u2019accompagnement d\u2019un consultant carbone. Ces experts sont les mieux plac\u00e9s pour aider les entreprises \u00e0 comprendre et \u00e0 respecter leurs obligations<\/p><p>Explorez le concept de l'empreinte carbone en profondeur en cliquant sur <a href=\"\/fr\/bilan-carbone\/\"><a href=\"\/fr\/bilan-carbone\/\"> ce lien<\/a><\/a>, ou lisez notre vue d'ensemble compl\u00e8te sur les calculateurs d'empreinte carbone <a href=\"\/fr\/logiciel-bilan-carbone\/\"><a href=\"\/fr\/logiciel-bilan-carbone\/\">ici<\/a><\/a>.<\/p><p>R\u00e9duisez l\u2019empreinte carbone de votre entreprise en <a href=\"\/fr\/contactez-nous\/\"><a href=\"\/fr\/contactez-nous\/\"> r\u00e9servant une d\u00e9mo <\/a><\/a> avec les experts d-carbonize.<\/p>\t\t\t\t\t\t\t\t<\/div>\n\t\t\t\t<\/div>\n\t\t\t\t\t<\/div>\n\t\t\t\t<\/div>\n\t\t\t\t<\/div>","protected":false},"excerpt":{"rendered":"<p>L'article examine la question de savoir si le bilan carbone est obligatoire, en exposant les r\u00e9glementations en europe et particuli\u00e8rement en france. Il explore la distinction entre le bilan carbone et les \u00e9missions de gaz \u00e0 effet de serre (ges), ainsi que les exigences et les sanctions potentielles en cas de non-respect. de plus, il souligne l'importance de l'utilisation de logiciels de comptabilit\u00e9 carbone comme d-carbonize pour garantir la conformit\u00e9 r\u00e9glementaire et r\u00e9duire efficacement les \u00e9missions.<\/p>","protected":false},"author":1,"featured_media":3439,"comment_status":"closed","ping_status":"closed","sticky":false,"template":"","format":"standard","meta":{"_acf_changed":false,"footnotes":""},"categories":[1],"tags":[],"class_list":["post-3435","post","type-post","status-publish","format-standard","has-post-thumbnail","hentry","category-blog"],"acf":[],"yoast_head":"<!-- This site is optimized with the Yoast SEO plugin v27.3 - https:\/\/yoast.com\/product\/yoast-seo-wordpress\/ -->\n<title>Is carbon footprint legally required? - D-Carbonize<\/title>\n<meta name=\"description\" content=\"Many companies are wondering whether a carbon footprint is a legally required. Find out here which companies are mandatory.\" \/>\n<meta name=\"robots\" content=\"index, follow, max-snippet:-1, max-image-preview:large, max-video-preview:-1\" \/>\n<link rel=\"canonical\" href=\"https:\/\/d-carbonize.eu\/fr\/blog\/bilan-carbone-obligation\/\" \/>\n<meta property=\"og:locale\" content=\"fr_FR\" \/>\n<meta property=\"og:type\" content=\"article\" \/>\n<meta property=\"og:title\" content=\"Is carbon footprint legally required? - D-Carbonize\" \/>\n<meta property=\"og:description\" content=\"Many companies are wondering whether a carbon footprint is a legally required. Find out here which companies are mandatory.\" \/>\n<meta property=\"og:url\" content=\"https:\/\/d-carbonize.eu\/fr\/blog\/bilan-carbone-obligation\/\" \/>\n<meta property=\"og:site_name\" content=\"D-Carbonize\" \/>\n<meta property=\"article:published_time\" content=\"2023-10-06T08:37:22+00:00\" \/>\n<meta property=\"article:modified_time\" content=\"2026-03-10T15:58:55+00:00\" \/>\n<meta property=\"og:image\" content=\"https:\/\/d-carbonize.eu\/wp-content\/uploads\/2025\/10\/tingey-injury-law-firm-DZpc4UY8ZtY-unsplash-e1712584913495-1536x742-1.webp\" \/>\n\t<meta property=\"og:image:width\" content=\"1536\" \/>\n\t<meta property=\"og:image:height\" content=\"742\" \/>\n\t<meta property=\"og:image:type\" content=\"image\/webp\" \/>\n<meta name=\"author\" content=\"Jaimish\" \/>\n<meta name=\"twitter:card\" content=\"summary_large_image\" \/>\n<meta name=\"twitter:label1\" content=\"\u00c9crit par\" \/>\n\t<meta name=\"twitter:data1\" content=\"Jaimish\" \/>\n\t<meta name=\"twitter:label2\" content=\"Dur\u00e9e de lecture estim\u00e9e\" \/>\n\t<meta name=\"twitter:data2\" content=\"6 minutes\" \/>\n<script type=\"application\/ld+json\" class=\"yoast-schema-graph\">{\"@context\":\"https:\\\/\\\/schema.org\",\"@graph\":[{\"@type\":\"Article\",\"@id\":\"https:\\\/\\\/d-carbonize.eu\\\/fr\\\/blog\\\/carbon-accounting-obligation\\\/#article\",\"isPartOf\":{\"@id\":\"https:\\\/\\\/d-carbonize.eu\\\/fr\\\/blog\\\/carbon-accounting-obligation\\\/\"},\"author\":{\"name\":\"Jaimish\",\"@id\":\"https:\\\/\\\/d-carbonize.eu\\\/fr\\\/#\\\/schema\\\/person\\\/b9dac9922f82f032a297605c6ab896cd\"},\"headline\":\"Carbon footprint: is it legally required?\",\"datePublished\":\"2023-10-06T08:37:22+00:00\",\"dateModified\":\"2026-03-10T15:58:55+00:00\",\"mainEntityOfPage\":{\"@id\":\"https:\\\/\\\/d-carbonize.eu\\\/fr\\\/blog\\\/carbon-accounting-obligation\\\/\"},\"wordCount\":1015,\"publisher\":{\"@id\":\"https:\\\/\\\/d-carbonize.eu\\\/fr\\\/#organization\"},\"image\":{\"@id\":\"https:\\\/\\\/d-carbonize.eu\\\/fr\\\/blog\\\/carbon-accounting-obligation\\\/#primaryimage\"},\"thumbnailUrl\":\"https:\\\/\\\/d-carbonize.eu\\\/wp-content\\\/uploads\\\/2025\\\/10\\\/tingey-injury-law-firm-DZpc4UY8ZtY-unsplash-e1712584913495-1536x742-1.webp\",\"articleSection\":[\"Blog\"],\"inLanguage\":\"fr-FR\"},{\"@type\":\"WebPage\",\"@id\":\"https:\\\/\\\/d-carbonize.eu\\\/fr\\\/blog\\\/carbon-accounting-obligation\\\/\",\"url\":\"https:\\\/\\\/d-carbonize.eu\\\/fr\\\/blog\\\/carbon-accounting-obligation\\\/\",\"name\":\"Is carbon footprint legally required? - D-Carbonize\",\"isPartOf\":{\"@id\":\"https:\\\/\\\/d-carbonize.eu\\\/fr\\\/#website\"},\"primaryImageOfPage\":{\"@id\":\"https:\\\/\\\/d-carbonize.eu\\\/fr\\\/blog\\\/carbon-accounting-obligation\\\/#primaryimage\"},\"image\":{\"@id\":\"https:\\\/\\\/d-carbonize.eu\\\/fr\\\/blog\\\/carbon-accounting-obligation\\\/#primaryimage\"},\"thumbnailUrl\":\"https:\\\/\\\/d-carbonize.eu\\\/wp-content\\\/uploads\\\/2025\\\/10\\\/tingey-injury-law-firm-DZpc4UY8ZtY-unsplash-e1712584913495-1536x742-1.webp\",\"datePublished\":\"2023-10-06T08:37:22+00:00\",\"dateModified\":\"2026-03-10T15:58:55+00:00\",\"description\":\"Many companies are wondering whether a carbon footprint is a legally required. Find out here which companies are mandatory.\",\"breadcrumb\":{\"@id\":\"https:\\\/\\\/d-carbonize.eu\\\/fr\\\/blog\\\/carbon-accounting-obligation\\\/#breadcrumb\"},\"inLanguage\":\"fr-FR\",\"potentialAction\":[{\"@type\":\"ReadAction\",\"target\":[\"https:\\\/\\\/d-carbonize.eu\\\/fr\\\/blog\\\/carbon-accounting-obligation\\\/\"]}]},{\"@type\":\"ImageObject\",\"inLanguage\":\"fr-FR\",\"@id\":\"https:\\\/\\\/d-carbonize.eu\\\/fr\\\/blog\\\/carbon-accounting-obligation\\\/#primaryimage\",\"url\":\"https:\\\/\\\/d-carbonize.eu\\\/wp-content\\\/uploads\\\/2025\\\/10\\\/tingey-injury-law-firm-DZpc4UY8ZtY-unsplash-e1712584913495-1536x742-1.webp\",\"contentUrl\":\"https:\\\/\\\/d-carbonize.eu\\\/wp-content\\\/uploads\\\/2025\\\/10\\\/tingey-injury-law-firm-DZpc4UY8ZtY-unsplash-e1712584913495-1536x742-1.webp\",\"width\":1536,\"height\":742,\"caption\":\"Carbon footprint legally required\"},{\"@type\":\"BreadcrumbList\",\"@id\":\"https:\\\/\\\/d-carbonize.eu\\\/fr\\\/blog\\\/carbon-accounting-obligation\\\/#breadcrumb\",\"itemListElement\":[{\"@type\":\"ListItem\",\"position\":1,\"name\":\"Home\",\"item\":\"https:\\\/\\\/d-carbonize.eu\\\/\"},{\"@type\":\"ListItem\",\"position\":2,\"name\":\"Carbon footprint: is it legally required?\"}]},{\"@type\":\"WebSite\",\"@id\":\"https:\\\/\\\/d-carbonize.eu\\\/fr\\\/#website\",\"url\":\"https:\\\/\\\/d-carbonize.eu\\\/fr\\\/\",\"name\":\"D-Carbonize\",\"description\":\"We Empower organisations to reduce their carbon footprint\",\"publisher\":{\"@id\":\"https:\\\/\\\/d-carbonize.eu\\\/fr\\\/#organization\"},\"potentialAction\":[{\"@type\":\"SearchAction\",\"target\":{\"@type\":\"EntryPoint\",\"urlTemplate\":\"https:\\\/\\\/d-carbonize.eu\\\/fr\\\/?s={search_term_string}\"},\"query-input\":{\"@type\":\"PropertyValueSpecification\",\"valueRequired\":true,\"valueName\":\"search_term_string\"}}],\"inLanguage\":\"fr-FR\"},{\"@type\":\"Organization\",\"@id\":\"https:\\\/\\\/d-carbonize.eu\\\/fr\\\/#organization\",\"name\":\"D-Carbonize\",\"url\":\"https:\\\/\\\/d-carbonize.eu\\\/fr\\\/\",\"logo\":{\"@type\":\"ImageObject\",\"inLanguage\":\"fr-FR\",\"@id\":\"https:\\\/\\\/d-carbonize.eu\\\/fr\\\/#\\\/schema\\\/logo\\\/image\\\/\",\"url\":\"https:\\\/\\\/d-carbonize.eu\\\/wp-content\\\/uploads\\\/2025\\\/09\\\/Figure-\u2192-d-carbo_vertical.svg\",\"contentUrl\":\"https:\\\/\\\/d-carbonize.eu\\\/wp-content\\\/uploads\\\/2025\\\/09\\\/Figure-\u2192-d-carbo_vertical.svg\",\"width\":196,\"height\":25,\"caption\":\"D-Carbonize\"},\"image\":{\"@id\":\"https:\\\/\\\/d-carbonize.eu\\\/fr\\\/#\\\/schema\\\/logo\\\/image\\\/\"}},{\"@type\":\"Person\",\"@id\":\"https:\\\/\\\/d-carbonize.eu\\\/fr\\\/#\\\/schema\\\/person\\\/b9dac9922f82f032a297605c6ab896cd\",\"name\":\"Jaimish\",\"image\":{\"@type\":\"ImageObject\",\"inLanguage\":\"fr-FR\",\"@id\":\"https:\\\/\\\/secure.gravatar.com\\\/avatar\\\/0d0bdf8fd205508c6d53e027742322739a80465e63346ff0e1e7b93ef700479c?s=96&d=mm&r=g\",\"url\":\"https:\\\/\\\/secure.gravatar.com\\\/avatar\\\/0d0bdf8fd205508c6d53e027742322739a80465e63346ff0e1e7b93ef700479c?s=96&d=mm&r=g\",\"contentUrl\":\"https:\\\/\\\/secure.gravatar.com\\\/avatar\\\/0d0bdf8fd205508c6d53e027742322739a80465e63346ff0e1e7b93ef700479c?s=96&d=mm&r=g\",\"caption\":\"Jaimish\"},\"sameAs\":[\"https:\\\/\\\/d-carbonize.eu\"],\"url\":\"https:\\\/\\\/d-carbonize.eu\\\/fr\\\/author\\\/jaimish\\\/\"}]}<\/script>\n<!-- \/ Yoast SEO plugin. -->","yoast_head_json":{"title":"Obligation bilan carbone: tout savoir","description":"Le bilan carbone est-il obligatoire? qui est concern\u00e9? quelles sont les r\u00e9glementations europ\u00e9ennes? trouvez des r\u00e9ponses dans cet article.","robots":{"index":"index","follow":"follow","max-snippet":"max-snippet:-1","max-image-preview":"max-image-preview:large","max-video-preview":"max-video-preview:-1"},"canonical":"https:\/\/d-carbonize.eu\/fr\/blog\/bilan-carbone-obligation\/","og_locale":"fr_FR","og_type":"article","og_title":"Is carbon footprint legally required? - D-Carbonize","og_description":"Many companies are wondering whether a carbon footprint is a legally required. Find out here which companies are mandatory.","og_url":"https:\/\/d-carbonize.eu\/fr\/blog\/bilan-carbone-obligation\/","og_site_name":"D-Carbonize","article_published_time":"2023-10-06T08:37:22+00:00","article_modified_time":"2026-03-10T15:58:55+00:00","og_image":[{"width":1536,"height":742,"url":"https:\/\/d-carbonize.eu\/wp-content\/uploads\/2025\/10\/tingey-injury-law-firm-DZpc4UY8ZtY-unsplash-e1712584913495-1536x742-1.webp","type":"image\/webp"}],"author":"Jaimish","twitter_card":"summary_large_image","twitter_misc":{"\u00c9crit par":"Jaimish","Dur\u00e9e de lecture estim\u00e9e":"6 minutes"},"schema":{"@context":"https:\/\/schema.org","@graph":[{"@type":"Article","@id":"https:\/\/d-carbonize.eu\/fr\/blog\/carbon-accounting-obligation\/#article","isPartOf":{"@id":"https:\/\/d-carbonize.eu\/fr\/blog\/carbon-accounting-obligation\/"},"author":{"name":"Jaimish","@id":"https:\/\/d-carbonize.eu\/fr\/#\/schema\/person\/b9dac9922f82f032a297605c6ab896cd"},"headline":"Carbon footprint: is it legally required?","datePublished":"2023-10-06T08:37:22+00:00","dateModified":"2026-03-10T15:58:55+00:00","mainEntityOfPage":{"@id":"https:\/\/d-carbonize.eu\/fr\/blog\/carbon-accounting-obligation\/"},"wordCount":1015,"publisher":{"@id":"https:\/\/d-carbonize.eu\/fr\/#organization"},"image":{"@id":"https:\/\/d-carbonize.eu\/fr\/blog\/carbon-accounting-obligation\/#primaryimage"},"thumbnailUrl":"https:\/\/d-carbonize.eu\/wp-content\/uploads\/2025\/10\/tingey-injury-law-firm-DZpc4UY8ZtY-unsplash-e1712584913495-1536x742-1.webp","articleSection":["Blog"],"inLanguage":"fr-FR"},{"@type":"WebPage","@id":"https:\/\/d-carbonize.eu\/fr\/blog\/carbon-accounting-obligation\/","url":"https:\/\/d-carbonize.eu\/fr\/blog\/carbon-accounting-obligation\/","name":"Obligation bilan carbone: tout savoir","isPartOf":{"@id":"https:\/\/d-carbonize.eu\/fr\/#website"},"primaryImageOfPage":{"@id":"https:\/\/d-carbonize.eu\/fr\/blog\/carbon-accounting-obligation\/#primaryimage"},"image":{"@id":"https:\/\/d-carbonize.eu\/fr\/blog\/carbon-accounting-obligation\/#primaryimage"},"thumbnailUrl":"https:\/\/d-carbonize.eu\/wp-content\/uploads\/2025\/10\/tingey-injury-law-firm-DZpc4UY8ZtY-unsplash-e1712584913495-1536x742-1.webp","datePublished":"2023-10-06T08:37:22+00:00","dateModified":"2026-03-10T15:58:55+00:00","description":"Le bilan carbone est-il obligatoire? qui est concern\u00e9? quelles sont les r\u00e9glementations europ\u00e9ennes? trouvez des r\u00e9ponses dans cet article.","breadcrumb":{"@id":"https:\/\/d-carbonize.eu\/fr\/blog\/carbon-accounting-obligation\/#breadcrumb"},"inLanguage":"fr-FR","potentialAction":[{"@type":"ReadAction","target":["https:\/\/d-carbonize.eu\/fr\/blog\/carbon-accounting-obligation\/"]}]},{"@type":"ImageObject","inLanguage":"fr-FR","@id":"https:\/\/d-carbonize.eu\/fr\/blog\/carbon-accounting-obligation\/#primaryimage","url":"https:\/\/d-carbonize.eu\/wp-content\/uploads\/2025\/10\/tingey-injury-law-firm-DZpc4UY8ZtY-unsplash-e1712584913495-1536x742-1.webp","contentUrl":"https:\/\/d-carbonize.eu\/wp-content\/uploads\/2025\/10\/tingey-injury-law-firm-DZpc4UY8ZtY-unsplash-e1712584913495-1536x742-1.webp","width":1536,"height":742,"caption":"Carbon footprint legally required"},{"@type":"BreadcrumbList","@id":"https:\/\/d-carbonize.eu\/fr\/blog\/carbon-accounting-obligation\/#breadcrumb","itemListElement":[{"@type":"ListItem","position":1,"name":"Home","item":"https:\/\/d-carbonize.eu\/"},{"@type":"ListItem","position":2,"name":"Carbon footprint: is it legally required?"}]},{"@type":"WebSite","@id":"https:\/\/d-carbonize.eu\/fr\/#website","url":"https:\/\/d-carbonize.eu\/fr\/","name":"D-Carbonize","description":"Nous donnons aux organisations les moyens de r\u00e9duire leur empreinte carbone","publisher":{"@id":"https:\/\/d-carbonize.eu\/fr\/#organization"},"potentialAction":[{"@type":"SearchAction","target":{"@type":"EntryPoint","urlTemplate":"https:\/\/d-carbonize.eu\/fr\/?s={search_term_string}"},"query-input":{"@type":"PropertyValueSpecification","valueRequired":true,"valueName":"search_term_string"}}],"inLanguage":"fr-FR"},{"@type":"Organization","@id":"https:\/\/d-carbonize.eu\/fr\/#organization","name":"D-Carbonize","url":"https:\/\/d-carbonize.eu\/fr\/","logo":{"@type":"ImageObject","inLanguage":"fr-FR","@id":"https:\/\/d-carbonize.eu\/fr\/#\/schema\/logo\/image\/","url":"https:\/\/d-carbonize.eu\/wp-content\/uploads\/2025\/09\/Figure-\u2192-d-carbo_vertical.svg","contentUrl":"https:\/\/d-carbonize.eu\/wp-content\/uploads\/2025\/09\/Figure-\u2192-d-carbo_vertical.svg","width":196,"height":25,"caption":"D-Carbonize"},"image":{"@id":"https:\/\/d-carbonize.eu\/fr\/#\/schema\/logo\/image\/"}},{"@type":"Person","@id":"https:\/\/d-carbonize.eu\/fr\/#\/schema\/person\/b9dac9922f82f032a297605c6ab896cd","name":"Jaimish","image":{"@type":"ImageObject","inLanguage":"fr-FR","@id":"https:\/\/secure.gravatar.com\/avatar\/0d0bdf8fd205508c6d53e027742322739a80465e63346ff0e1e7b93ef700479c?s=96&d=mm&r=g","url":"https:\/\/secure.gravatar.com\/avatar\/0d0bdf8fd205508c6d53e027742322739a80465e63346ff0e1e7b93ef700479c?s=96&d=mm&r=g","contentUrl":"https:\/\/secure.gravatar.com\/avatar\/0d0bdf8fd205508c6d53e027742322739a80465e63346ff0e1e7b93ef700479c?s=96&d=mm&r=g","caption":"Jaimish"},"sameAs":["https:\/\/d-carbonize.eu"],"url":"https:\/\/d-carbonize.eu\/fr\/author\/jaimish\/"}]}},"_links":{"self":[{"href":"https:\/\/d-carbonize.eu\/fr\/wp-json\/wp\/v2\/posts\/3435","targetHints":{"allow":["GET"]}}],"collection":[{"href":"https:\/\/d-carbonize.eu\/fr\/wp-json\/wp\/v2\/posts"}],"about":[{"href":"https:\/\/d-carbonize.eu\/fr\/wp-json\/wp\/v2\/types\/post"}],"author":[{"embeddable":true,"href":"https:\/\/d-carbonize.eu\/fr\/wp-json\/wp\/v2\/users\/1"}],"replies":[{"embeddable":true,"href":"https:\/\/d-carbonize.eu\/fr\/wp-json\/wp\/v2\/comments?post=3435"}],"version-history":[{"count":41,"href":"https:\/\/d-carbonize.eu\/fr\/wp-json\/wp\/v2\/posts\/3435\/revisions"}],"predecessor-version":[{"id":15664,"href":"https:\/\/d-carbonize.eu\/fr\/wp-json\/wp\/v2\/posts\/3435\/revisions\/15664"}],"wp:featuredmedia":[{"embeddable":true,"href":"https:\/\/d-carbonize.eu\/fr\/wp-json\/wp\/v2\/media\/3439"}],"wp:attachment":[{"href":"https:\/\/d-carbonize.eu\/fr\/wp-json\/wp\/v2\/media?parent=3435"}],"wp:term":[{"taxonomy":"category","embeddable":true,"href":"https:\/\/d-carbonize.eu\/fr\/wp-json\/wp\/v2\/categories?post=3435"},{"taxonomy":"post_tag","embeddable":true,"href":"https:\/\/d-carbonize.eu\/fr\/wp-json\/wp\/v2\/tags?post=3435"}],"curies":[{"name":"wp","href":"https:\/\/api.w.org\/{rel}","templated":true}]}}