{"id":5680,"date":"2024-06-10T05:54:00","date_gmt":"2024-06-10T05:54:00","guid":{"rendered":"https:\/\/d-carbonize.eu\/?p=5680"},"modified":"2026-03-03T16:14:55","modified_gmt":"2026-03-03T16:14:55","slug":"calculs","status":"publish","type":"post","link":"https:\/\/d-carbonize.eu\/fr\/calculation\/","title":{"rendered":"Comment calculer son empreinte \u00e9cologique en 2025?"},"content":{"rendered":"<div id=\"bsf_rt_marker\"><\/div>\t\t<div data-elementor-type=\"wp-post\" data-elementor-id=\"5680\" class=\"elementor elementor-5680\" data-elementor-post-type=\"post\">\n\t\t\t\t<div class=\"elementor-element elementor-element-a8c0a35 e-flex e-con-boxed e-con e-parent\" data-id=\"a8c0a35\" data-element_type=\"container\" data-e-type=\"container\">\n\t\t\t\t\t<div class=\"e-con-inner\">\n\t\t\t\t<div class=\"elementor-element elementor-element-1e9a746 elementor-widget__width-inherit elementor-widget elementor-widget-image\" data-id=\"1e9a746\" data-element_type=\"widget\" data-e-type=\"widget\" data-widget_type=\"image.default\">\n\t\t\t\t\t\t\t\t\t\t\t\t\t\t\t<img fetchpriority=\"high\" decoding=\"async\" width=\"1024\" height=\"683\" src=\"https:\/\/d-carbonize.eu\/wp-content\/uploads\/2025\/10\/comment-calculer-son-empreinte-ecologique-1024x683-1.webp\" class=\"attachment-full size-full wp-image-5687\" alt=\"comment calculer empreinte ecologique\" srcset=\"https:\/\/d-carbonize.eu\/wp-content\/uploads\/2025\/10\/comment-calculer-son-empreinte-ecologique-1024x683-1.webp 1024w, https:\/\/d-carbonize.eu\/wp-content\/uploads\/2025\/10\/comment-calculer-son-empreinte-ecologique-1024x683-1-300x200.webp 300w, https:\/\/d-carbonize.eu\/wp-content\/uploads\/2025\/10\/comment-calculer-son-empreinte-ecologique-1024x683-1-768x512.webp 768w\" sizes=\"(max-width: 1024px) 100vw, 1024px\" \/>\t\t\t\t\t\t\t\t\t\t\t\t\t\t\t<\/div>\n\t\t<div class=\"elementor-element elementor-element-f1914af e-con-full e-flex e-con e-child\" data-id=\"f1914af\" data-element_type=\"container\" data-e-type=\"container\">\n\t\t\t\t<div class=\"elementor-element elementor-element-5d07e16 elementor-widget elementor-widget-heading\" data-id=\"5d07e16\" data-element_type=\"widget\" data-e-type=\"widget\" data-widget_type=\"heading.default\">\n\t\t\t\t\t<h2 class=\"elementor-heading-title elementor-size-default\">Comprendre l\u2019empreinte \u00e9cologique\n<\/h2>\t\t\t\t<\/div>\n\t\t\t\t<div class=\"elementor-element elementor-element-5a8f3de elementor-widget elementor-widget-text-editor\" data-id=\"5a8f3de\" data-element_type=\"widget\" data-e-type=\"widget\" data-widget_type=\"text-editor.default\">\n\t\t\t\t\t\t\t\t\t<p>La fondation <a href=\"\/fr\/transition-ecologique\/\"><a href=\"\/fr\/empreinte-ecologique\/\"> empreinte \u00e9cologique<\/a><\/a> est un indicateur qui mesure la pression exerc\u00e9e par les activit\u00e9s humaines sur les \u00e9cosyst\u00e8mes de la plan\u00e8te. Elle \u00e9value la surface n\u00e9cessaire pour produire les ressources consomm\u00e9es et absorber les d\u00e9chets g\u00e9n\u00e9r\u00e9s par une personne, une organisation ou une population. Les principales composantes de l\u2019empreinte \u00e9cologique incluent la consommation d\u2019\u00e9nergie, l\u2019utilisation des terres, l\u2019empreinte carbone (li\u00e9e aux \u00e9missions de CO2), et la gestion des d\u00e9chets.<\/p><p>Le calcul de l\u2019empreinte \u00e9cologique permet de quantifier l\u2019impact environnemental de nos modes de vie et d\u2019identifier les domaines o\u00f9 des am\u00e9liorations peuvent \u00eatre apport\u00e9es. Par exemple, en mesurant l\u2019empreinte \u00e9cologique, il est possible d\u2019\u00e9valuer la durabilit\u00e9 de nos habitudes alimentaires, de transport, et de consommation \u00e9nerg\u00e9tique, et de mettre en place des strat\u00e9gies pour r\u00e9duire notre impact sur la plan\u00e8te.<\/p>\t\t\t\t\t\t\t\t<\/div>\n\t\t\t\t<div class=\"elementor-element elementor-element-742e6da elementor-widget elementor-widget-heading\" data-id=\"742e6da\" data-element_type=\"widget\" data-e-type=\"widget\" data-widget_type=\"heading.default\">\n\t\t\t\t\t<h2 class=\"elementor-heading-title elementor-size-default\">Empreinte \u00e9cologique vs empreinte carbone\n<\/h2>\t\t\t\t<\/div>\n\t\t\t\t<div class=\"elementor-element elementor-element-94065f3 elementor-widget elementor-widget-text-editor\" data-id=\"94065f3\" data-element_type=\"widget\" data-e-type=\"widget\" data-widget_type=\"text-editor.default\">\n\t\t\t\t\t\t\t\t\t<p>L\u2019empreinte \u00e9cologique et l\u2019 <a href=\"https:\/\/d-carbonize.eu\/fr\/comparaison-pays\/\">Empreinte carbone<\/a> sont deux indicateurs environnementaux compl\u00e9mentaires mais distincts. L\u2019empreinte \u00e9cologique mesure la superficie requise pour g\u00e9n\u00e9rer les ressources utilis\u00e9es et assimiler les d\u00e9chets produits par un individu ou une organisation.<\/p><p><a href=\"\/fr\/empreinte-carbone\/\"> L\u2019empreinte carbone,<\/a> quant \u00e0 elle, se concentre exclusivement sur les \u00e9missions de gaz \u00e0 effet de serre, principalement le CO2, g\u00e9n\u00e9r\u00e9es par les activit\u00e9s humaines. Ainsi, l\u2019empreinte carbone est une composante de l\u2019empreinte \u00e9cologique, ciblant sp\u00e9cifiquement les impacts climatiques li\u00e9s aux \u00e9missions de GES.<\/p>\t\t\t\t\t\t\t\t<\/div>\n\t\t<div class=\"elementor-element elementor-element-7517dea e-con-full e-flex e-con e-child\" data-id=\"7517dea\" data-element_type=\"container\" data-e-type=\"container\">\n\t\t<div class=\"elementor-element elementor-element-f408f3a e-con-full e-flex e-con e-child\" data-id=\"f408f3a\" data-element_type=\"container\" data-e-type=\"container\">\n\t\t<div class=\"elementor-element elementor-element-73bb01e e-con-full e-flex e-con e-child\" data-id=\"73bb01e\" data-element_type=\"container\" data-e-type=\"container\" data-settings=\"{&quot;background_background&quot;:&quot;classic&quot;}\">\n\t\t<div class=\"elementor-element elementor-element-4e42bd9 e-con-full e-flex e-con e-child\" data-id=\"4e42bd9\" data-element_type=\"container\" data-e-type=\"container\">\n\t\t<div class=\"elementor-element elementor-element-b035b31 e-con-full e-flex e-con e-child\" data-id=\"b035b31\" data-element_type=\"container\" data-e-type=\"container\">\n\t\t\t\t<div class=\"elementor-element elementor-element-34477d9 elementor-widget elementor-widget-heading\" data-id=\"34477d9\" data-element_type=\"widget\" data-e-type=\"widget\" data-widget_type=\"heading.default\">\n\t\t\t\t\t<h2 class=\"elementor-heading-title elementor-size-default\">Votre bilan carbone gratuit vous attend<\/h2>\t\t\t\t<\/div>\n\t\t\t\t<div class=\"elementor-element elementor-element-b1fa106 elementor-widget elementor-widget-heading\" data-id=\"b1fa106\" data-element_type=\"widget\" data-e-type=\"widget\" data-widget_type=\"heading.default\">\n\t\t\t\t\t<p class=\"elementor-heading-title elementor-size-default\">R\u00e9pondez \u00e0 20 questions et obtenez votre premier bilan carbone.<\/p>\t\t\t\t<\/div>\n\t\t\t\t<div class=\"elementor-element elementor-element-db4cfeb elementor-widget elementor-widget-spacer\" data-id=\"db4cfeb\" data-element_type=\"widget\" data-e-type=\"widget\" data-widget_type=\"spacer.default\">\n\t\t\t\t\t\t\t<div class=\"elementor-spacer\">\n\t\t\t<div class=\"elementor-spacer-inner\"><\/div>\n\t\t<\/div>\n\t\t\t\t\t\t<\/div>\n\t\t\t\t<div class=\"elementor-element elementor-element-852367d elementor-widget elementor-widget-button\" data-id=\"852367d\" data-element_type=\"widget\" data-e-type=\"widget\" data-widget_type=\"button.default\">\n\t\t\t\t\t\t\t\t\t\t<a class=\"elementor-button elementor-button-link elementor-size-sm\" href=\"\/fr\/reservez-votre-demo\/\" id=\"Casestudies_Bookademo\">\n\t\t\t\t\t\t<span class=\"elementor-button-content-wrapper\">\n\t\t\t\t\t\t\t\t\t<span class=\"elementor-button-text\">R\u00e9pondre aux questions<\/span>\n\t\t\t\t\t<\/span>\n\t\t\t\t\t<\/a>\n\t\t\t\t\t\t\t\t<\/div>\n\t\t\t\t<\/div>\n\t\t<div class=\"elementor-element elementor-element-78d9ea4 e-con-full e-flex e-con e-child\" data-id=\"78d9ea4\" data-element_type=\"container\" data-e-type=\"container\" data-settings=\"{&quot;background_background&quot;:&quot;classic&quot;}\">\n\t\t\t\t<div class=\"elementor-element elementor-element-ee00322 elementor-widget__width-initial elementor-absolute elementor-widget elementor-widget-image\" data-id=\"ee00322\" data-element_type=\"widget\" data-e-type=\"widget\" data-settings=\"{&quot;_position&quot;:&quot;absolute&quot;}\" data-widget_type=\"image.default\">\n\t\t\t\t\t\t\t\t\t\t\t\t\t\t\t<img decoding=\"async\" width=\"222\" height=\"29\" src=\"https:\/\/d-carbonize.eu\/wp-content\/uploads\/2025\/10\/Group-16.svg\" class=\"attachment-full size-full wp-image-5738\" alt=\"calculate your ecological footprint\" \/>\t\t\t\t\t\t\t\t\t\t\t\t\t\t\t<\/div>\n\t\t\t\t<\/div>\n\t\t\t\t<\/div>\n\t\t\t\t<\/div>\n\t\t\t\t<\/div>\n\t\t\t\t<\/div>\n\t\t\t\t<div class=\"elementor-element elementor-element-8cb01de elementor-widget elementor-widget-heading\" data-id=\"8cb01de\" data-element_type=\"widget\" data-e-type=\"widget\" data-widget_type=\"heading.default\">\n\t\t\t\t\t<h2 class=\"elementor-heading-title elementor-size-default\">Les diff\u00e9rentes composantes de l\u2019empreinte \u00e9cologique\n<\/h2>\t\t\t\t<\/div>\n\t\t\t\t<div class=\"elementor-element elementor-element-79bf6d8 elementor-widget elementor-widget-text-editor\" data-id=\"79bf6d8\" data-element_type=\"widget\" data-e-type=\"widget\" data-widget_type=\"text-editor.default\">\n\t\t\t\t\t\t\t\t\t<p>L\u2019empreinte \u00e9cologique est un indicateur global, mais elle est compos\u00e9e de plusieurs cat\u00e9gories distinctes. Celles-ci permettent de mieux comprendre d\u2019o\u00f9 provient notre impact environnemental.<\/p>\t\t\t\t\t\t\t\t<\/div>\n\t\t\t\t<div class=\"elementor-element elementor-element-ea80015 elementor-widget elementor-widget-heading\" data-id=\"ea80015\" data-element_type=\"widget\" data-e-type=\"widget\" data-widget_type=\"heading.default\">\n\t\t\t\t\t<h3 class=\"elementor-heading-title elementor-size-default\">L\u2019empreinte carbone\n<\/h3>\t\t\t\t<\/div>\n\t\t\t\t<div class=\"elementor-element elementor-element-4270bc6 elementor-widget elementor-widget-text-editor\" data-id=\"4270bc6\" data-element_type=\"widget\" data-e-type=\"widget\" data-widget_type=\"text-editor.default\">\n\t\t\t\t\t\t\t\t\t<p>Souvent la plus importante, l\u2019empreinte carbone mesure les \u00e9missions de gaz \u00e0 effet de serre li\u00e9es \u00e0 nos activit\u00e9s quotidiennes. Elle prend en compte les \u00e9missions directes (comme l\u2019utilisation d\u2019un v\u00e9hicule personnel) et indirectes (par exemple, la production d\u2019un bien de consommation).<\/p><p>Les secteurs les plus \u00e9metteurs sont les transports, le chauffage, la production d\u2019\u00e9lectricit\u00e9 \u00e0 partir d\u2019\u00e9nergies fossiles, ainsi que la fabrication de biens et services. l\u2019empreinte carbone est exprim\u00e9e en hectares globaux (gha). Elle repr\u00e9sente la surface foresti\u00e8re n\u00e9cessaire pour absorber les \u00e9missions de CO2 g\u00e9n\u00e9r\u00e9es.<\/p>\t\t\t\t\t\t\t\t<\/div>\n\t\t\t\t<div class=\"elementor-element elementor-element-58d21b5 elementor-widget elementor-widget-heading\" data-id=\"58d21b5\" data-element_type=\"widget\" data-e-type=\"widget\" data-widget_type=\"heading.default\">\n\t\t\t\t\t<h3 class=\"elementor-heading-title elementor-size-default\">L\u2019empreinte alimentaire\n<\/h3>\t\t\t\t<\/div>\n\t\t\t\t<div class=\"elementor-element elementor-element-474e247 elementor-widget elementor-widget-text-editor\" data-id=\"474e247\" data-element_type=\"widget\" data-e-type=\"widget\" data-widget_type=\"text-editor.default\">\n\t\t\t\t\t\t\t\t\t<p>Notre fa\u00e7on de nous nourrir a un impact direct sur l\u2019environnement. l\u2019empreinte alimentaire tient compte de l\u2019utilisation des sols pour la production agricole, de l\u2019\u00e9nergie consomm\u00e9e pour la transformation et le transport des aliments, ainsi que des \u00e9missions li\u00e9es \u00e0 l\u2019\u00e9levage.<\/p><p>Ainsi, un r\u00e9gime alimentaire riche en viande rouge, en produits transform\u00e9s ou import\u00e9s augmente fortement l\u2019empreinte \u00e9cologique. A l\u2019inverse, une alimentation v\u00e9g\u00e9tale, locale et de saison permet de la r\u00e9duire significativement.<\/p>\t\t\t\t\t\t\t\t<\/div>\n\t\t\t\t<div class=\"elementor-element elementor-element-fb70d94 elementor-widget elementor-widget-heading\" data-id=\"fb70d94\" data-element_type=\"widget\" data-e-type=\"widget\" data-widget_type=\"heading.default\">\n\t\t\t\t\t<h3 class=\"elementor-heading-title elementor-size-default\">L\u2019empreinte r\u00e9sidentielle\n<\/h3>\t\t\t\t<\/div>\n\t\t\t\t<div class=\"elementor-element elementor-element-e869d91 elementor-widget elementor-widget-text-editor\" data-id=\"e869d91\" data-element_type=\"widget\" data-e-type=\"widget\" data-widget_type=\"text-editor.default\">\n\t\t\t\t\t\t\t\t\t<p>Cette composante mesure l\u2019impact de notre mode d\u2019habitation : taille du logement, isolation, type de chauffage, consommation d\u2019eau et d\u2019\u00e9lectricit\u00e9, utilisation d\u2019\u00e9nergies renouvelables, etc. Vivre dans une grande maison peu isol\u00e9e, chauff\u00e9e au fioul ou au gaz, augmente consid\u00e9rablement l\u2019empreinte r\u00e9sidentielle. A l\u2019inverse, habiter dans un logement bien isol\u00e9, aliment\u00e9 en \u00e9nergie verte, permet de limiter son impact.<\/p>\t\t\t\t\t\t\t\t<\/div>\n\t\t\t\t<div class=\"elementor-element elementor-element-fa3911e elementor-widget elementor-widget-heading\" data-id=\"fa3911e\" data-element_type=\"widget\" data-e-type=\"widget\" data-widget_type=\"heading.default\">\n\t\t\t\t\t<h3 class=\"elementor-heading-title elementor-size-default\">L\u2019empreinte des transports\n<\/h3>\t\t\t\t<\/div>\n\t\t\t\t<div class=\"elementor-element elementor-element-1928345 elementor-widget elementor-widget-text-editor\" data-id=\"1928345\" data-element_type=\"widget\" data-e-type=\"widget\" data-widget_type=\"text-editor.default\">\n\t\t\t\t\t\t\t\t\t<p>Les d\u00e9placements quotidiens et les voyages longue distance repr\u00e9sentent une part importante de notre empreinte \u00e9cologique. Les voitures thermiques, les vols a\u00e9riens et les croisi\u00e8res sont particuli\u00e8rement polluants. l\u2019usage des transports en commun, du v\u00e9lo, ou encore la pratique du covoiturage contribuent \u00e0 r\u00e9duire cette empreinte. La fr\u00e9quence des d\u00e9placements et les distances parcourues sont \u00e9galement des facteurs d\u00e9terminants.<\/p>\t\t\t\t\t\t\t\t<\/div>\n\t\t\t\t<div class=\"elementor-element elementor-element-20b5b7c elementor-widget elementor-widget-heading\" data-id=\"20b5b7c\" data-element_type=\"widget\" data-e-type=\"widget\" data-widget_type=\"heading.default\">\n\t\t\t\t\t<h3 class=\"elementor-heading-title elementor-size-default\">L\u2019empreinte li\u00e9e \u00e0 la consommation de biens et services\n<\/h3>\t\t\t\t<\/div>\n\t\t\t\t<div class=\"elementor-element elementor-element-5384a1f elementor-widget elementor-widget-text-editor\" data-id=\"5384a1f\" data-element_type=\"widget\" data-e-type=\"widget\" data-widget_type=\"text-editor.default\">\n\t\t\t\t\t\t\t\t\t<p>Cette composante de l\u2019empreinte \u00e9cologique \u00e9value l\u2019impact des objets que nous achetons (v\u00eatements, appareils \u00e9lectroniques, mobilier\u2026) ainsi que des services que nous utilisons. La fabrication, le transport, l\u2019emballage et la fin de vie de chaque produit consomment de l\u2019\u00e9nergie et des ressources naturelles. Opter pour une consommation raisonn\u00e9e, privil\u00e9gier l\u2019occasion, le r\u00e9emploi ou le recyclage permet de r\u00e9duire cette part de l\u2019empreinte \u00e9cologique.<\/p>\t\t\t\t\t\t\t\t<\/div>\n\t\t\t\t<div class=\"elementor-element elementor-element-3f11f16 elementor-widget elementor-widget-heading\" data-id=\"3f11f16\" data-element_type=\"widget\" data-e-type=\"widget\" data-widget_type=\"heading.default\">\n\t\t\t\t\t<h2 class=\"elementor-heading-title elementor-size-default\">M\u00e9thodologie : comment est calcul\u00e9e l\u2019empreinte \u00e9cologique ?\n<\/h2>\t\t\t\t<\/div>\n\t\t\t\t<div class=\"elementor-element elementor-element-b3b0266 elementor-widget elementor-widget-text-editor\" data-id=\"b3b0266\" data-element_type=\"widget\" data-e-type=\"widget\" data-widget_type=\"text-editor.default\">\n\t\t\t\t\t\t\t\t\t<p>Le calcul de l\u2019empreinte \u00e9cologique repose sur une m\u00e9thode scientifique d\u00e9velopp\u00e9e par mathis wackernagel et william rees. Elle permet de convertir nos activit\u00e9s humaines en surface n\u00e9cessaire pour r\u00e9pondre \u00e0 nos besoins et absorber nos d\u00e9chets. Ainsi, cette m\u00e9thode offre une mesure concr\u00e8te de notre pression sur les ressources naturelles.<\/p>\t\t\t\t\t\t\t\t<\/div>\n\t\t\t\t<div class=\"elementor-element elementor-element-80d14b9 elementor-widget elementor-widget-heading\" data-id=\"80d14b9\" data-element_type=\"widget\" data-e-type=\"widget\" data-widget_type=\"heading.default\">\n\t\t\t\t\t<h3 class=\"elementor-heading-title elementor-size-default\">Une unit\u00e9 commune : l\u2019hectare global (gha)\n<\/h3>\t\t\t\t<\/div>\n\t\t\t\t<div class=\"elementor-element elementor-element-80f0b4d elementor-widget elementor-widget-text-editor\" data-id=\"80f0b4d\" data-element_type=\"widget\" data-e-type=\"widget\" data-widget_type=\"text-editor.default\">\n\t\t\t\t\t\t\t\t\t<p>L\u2019hectare global est une unit\u00e9 de mesure standardis\u00e9e qui permet de comparer diff\u00e9rentes formes d\u2019utilisation des ressources. Un hectare global correspond \u00e0 un hectare de surface ayant une productivit\u00e9 moyenne mondiale. Cette unit\u00e9 permet de fusionner des donn\u00e9es diff\u00e9rentes (for\u00eats, terres agricoles, zones de p\u00eache, etc.) dans un m\u00eame indicateur.<\/p><p>Ainsi, le calcul \u00e9value la surface n\u00e9cessaire pour :<\/p><ul><li aria-level=\"1\">Produire les ressources que nous consommons (nourriture, bois, fibres, \u00e9nergie, etc.)<\/li><li aria-level=\"1\">Absorber les d\u00e9chets que nous g\u00e9n\u00e9rons, notamment les \u00e9missions de co2<\/li><li aria-level=\"1\">H\u00e9berger les infrastructures humaines (routes, logements, zones industrielles\u2026)<\/li><\/ul>\t\t\t\t\t\t\t\t<\/div>\n\t\t\t\t<div class=\"elementor-element elementor-element-2113cff elementor-widget elementor-widget-heading\" data-id=\"2113cff\" data-element_type=\"widget\" data-e-type=\"widget\" data-widget_type=\"heading.default\">\n\t\t\t\t\t<h3 class=\"elementor-heading-title elementor-size-default\">Les donn\u00e9es prises en compte dans le calcul\n<\/h3>\t\t\t\t<\/div>\n\t\t\t\t<div class=\"elementor-element elementor-element-dbf1a34 elementor-widget elementor-widget-text-editor\" data-id=\"dbf1a34\" data-element_type=\"widget\" data-e-type=\"widget\" data-widget_type=\"text-editor.default\">\n\t\t\t\t\t\t\t\t\t<p>Pour d\u00e9terminer une empreinte \u00e9cologique individuelle ou collective, plusieurs cat\u00e9gories de consommation sont analys\u00e9es :<\/p><ul><li aria-level=\"1\">Food: Types of food consumed, origin, processing, waste.<\/li><li aria-level=\"1\">Energy: Sources used for heating, electricity, and appliances.<\/li><li aria-level=\"1\">Transportation: Frequency and mode of travel (car, plane, public transportation, etc.).<\/li><li aria-level=\"1\">Consumption: Material goods purchased, frequency of replacement, waste management.<\/li><li aria-level=\"1\">Housing: Size, insulation, construction method, type of energy.<\/li><\/ul><p>Ces donn\u00e9es sont ensuite converties en hectares globaux \u00e0 l\u2019aide de coefficients d\u2019\u00e9quivalence. Ces coefficients sont d\u00e9termin\u00e9s par des bases de donn\u00e9es internationales, comme celles du global footprint network et actualis\u00e9s r\u00e9guli\u00e8rement.<\/p>\t\t\t\t\t\t\t\t<\/div>\n\t\t\t\t<div class=\"elementor-element elementor-element-dcab204 elementor-widget elementor-widget-heading\" data-id=\"dcab204\" data-element_type=\"widget\" data-e-type=\"widget\" data-widget_type=\"heading.default\">\n\t\t\t\t\t<h3 class=\"elementor-heading-title elementor-size-default\">Une approche \u00e9volutive\n<\/h3>\t\t\t\t<\/div>\n\t\t\t\t<div class=\"elementor-element elementor-element-e2706a2 elementor-widget elementor-widget-text-editor\" data-id=\"e2706a2\" data-element_type=\"widget\" data-e-type=\"widget\" data-widget_type=\"text-editor.default\">\n\t\t\t\t\t\t\t\t\t<p>La m\u00e9thodologie de calcul de l\u2019empreinte \u00e9cologique est continuellement am\u00e9lior\u00e9e pour int\u00e9grer de nouvelles donn\u00e9es et mieux refl\u00e9ter les r\u00e9alit\u00e9s actuelles. De plus, le calcul peut \u00eatre plus ou moins pr\u00e9cis selon les outils utilis\u00e9s : certains se basent sur des moyennes nationales, tandis que d\u2019autres, comme les logiciels professionnels, permettent une analyse fine et personnalis\u00e9e.<\/p><p>Ainsi, comprendre la m\u00e9thodologie de l\u2019empreinte \u00e9cologique permet non seulement de mieux interpr\u00e9ter les r\u00e9sultats obtenus, mais \u00e9galement d\u2019identifier des leviers d\u2019action concrets pour r\u00e9duire durablement son impact sur l\u2019environnement.<\/p>\t\t\t\t\t\t\t\t<\/div>\n\t\t\t\t<div class=\"elementor-element elementor-element-d3bd074 elementor-view-stacked elementor-position-inline-start elementor-shape-circle elementor-mobile-position-block-start elementor-widget elementor-widget-icon-box\" data-id=\"d3bd074\" data-element_type=\"widget\" data-e-type=\"widget\" data-widget_type=\"icon-box.default\">\n\t\t\t\t\t\t\t<div class=\"elementor-icon-box-wrapper\">\n\n\t\t\t\t\t\t<div class=\"elementor-icon-box-icon\">\n\t\t\t\t<span  class=\"elementor-icon\">\n\t\t\t\t<svg aria-hidden=\"true\" class=\"e-font-icon-svg e-fas-lightbulb\" viewbox=\"0 0 352 512\" xmlns=\"http:\/\/www.w3.org\/2000\/svg\"><path d=\"M96.06 454.35c.01 6.29 1.87 12.45 5.36 17.69l17.09 25.69a31.99 31.99 0 0 0 26.64 14.28h61.71a31.99 31.99 0 0 0 26.64-14.28l17.09-25.69a31.989 31.989 0 0 0 5.36-17.69l.04-38.35H96.01l.05 38.35zM0 176c0 44.37 16.45 84.85 43.56 115.78 16.52 18.85 42.36 58.23 52.21 91.45.04.26.07.52.11.78h160.24c.04-.26.07-.51.11-.78 9.85-33.22 35.69-72.6 52.21-91.45C335.55 260.85 352 220.37 352 176 352 78.61 272.91-.3 175.45 0 73.44.31 0 82.97 0 176zm176-80c-44.11 0-80 35.89-80 80 0 8.84-7.16 16-16 16s-16-7.16-16-16c0-61.76 50.24-112 112-112 8.84 0 16 7.16 16 16s-7.16 16-16 16z\"><\/path><\/svg>\t\t\t\t<\/span>\n\t\t\t<\/div>\n\t\t\t\n\t\t\t\t\t\t<div class=\"elementor-icon-box-content\">\n\n\t\t\t\t\t\t\t\t\t<h5 class=\"elementor-icon-box-title\">\n\t\t\t\t\t\t<span  >\n\t\t\t\t\t\t\tConseil\t\t\t\t\t\t<\/span>\n\t\t\t\t\t<\/h5>\n\t\t\t\t\n\t\t\t\t\t\t\t\t\t<p class=\"elementor-icon-box-description\">\n\t\t\t\t\t\tComprendre et r\u00e9duire son empreinte \u00e9cologique est une \u00e9tape cl\u00e9 vers un mode de vie plus durable. en utilisant les outils adapt\u00e9s, vous pouvez facilement identifier les principales sources d'\u00e9missions et prendre des mesures concr\u00e8tes pour les r\u00e9duire, contribuant ainsi \u00e0 la protection de notre plan\u00e8te.\n\t\t\t\t\t<\/p>\n\t\t\t\t\n\t\t\t<\/div>\n\t\t\t\n\t\t<\/div>\n\t\t\t\t\t\t<\/div>\n\t\t\t\t<div class=\"elementor-element elementor-element-9bd3fcb elementor-widget elementor-widget-heading\" data-id=\"9bd3fcb\" data-element_type=\"widget\" data-e-type=\"widget\" data-widget_type=\"heading.default\">\n\t\t\t\t\t<h2 class=\"elementor-heading-title elementor-size-default\">Calcul empreinte \u00e9cologique : Interpr\u00e9ter les r\u00e9sultats\n<\/h2>\t\t\t\t<\/div>\n\t\t\t\t<\/div>\n\t\t\t\t\t<\/div>\n\t\t\t\t<\/div>\n\t\t<div class=\"elementor-element elementor-element-eecb7bf e-flex e-con-boxed e-con e-parent\" data-id=\"eecb7bf\" data-element_type=\"container\" data-e-type=\"container\">\n\t\t\t\t\t<div class=\"e-con-inner\">\n\t\t\t\t<div class=\"elementor-element elementor-element-0786432 elementor-widget elementor-widget-text-editor\" data-id=\"0786432\" data-element_type=\"widget\" data-e-type=\"widget\" data-widget_type=\"text-editor.default\">\n\t\t\t\t\t\t\t\t\t<p>Une fois que vous avez calcul\u00e9 votre empreinte \u00e9cologique, l\u2019interpr\u00e9tation des r\u00e9sultats est une \u00e9tape cruciale pour comprendre l\u2019impact de vos activit\u00e9s sur l\u2019environnement et identifier les mesures correctives envisageables.<\/p><p>Dans un premier temps, comparez votre empreinte \u00e9cologique \u00e0 la moyenne nationale ou mondiale pour voir comment vous vous situez par rapport aux autres. Par exemple, l\u2019empreinte \u00e9cologique moyenne mondiale par personne est d\u2019environ 2,8 hectares globaux, tandis que celle des pays d\u00e9velopp\u00e9s peut \u00eatre beaucoup plus \u00e9lev\u00e9e.<\/p><p>Analysez les diff\u00e9rentes composantes de votre empreinte \u00e9cologique pour d\u00e9terminer les principales sources d\u2019\u00e9missions. Cela peut inclure la consommation d\u2019\u00e9nergie domestique, les d\u00e9placements en voiture, les <a href=\"\/fr\/empreinte-ecologique\/calcul\/\">voyages en avion,<\/a> ou la consommation de viande et de produits transform\u00e9s.<\/p><p>Ensuite, prenez en compte vos r\u00e9sultats pour fixer des objectifs r\u00e9alistes de r\u00e9duction. Par exemple, si votre empreinte \u00e9cologique est principalement due \u00e0 la consommation d\u2019\u00e9nergie, vous pourriez viser \u00e0 r\u00e9duire votre consommation d\u2019\u00e9lectricit\u00e9 en optant pour des appareils plus efficaces ou en adoptant des sources d\u2019\u00e9nergie renouvelable.<\/p><p>N\u2019h\u00e9sitez pas \u00e0 r\u00e9\u00e9valuer r\u00e9guli\u00e8rement votre empreinte \u00e9cologique pour suivre vos progr\u00e8s. Utilisez les m\u00eames outils et m\u00e9thodologies pour garantir la coh\u00e9rence des r\u00e9sultats et ajuster vos strat\u00e9gies en fonction des am\u00e9liorations constat\u00e9es.<\/p>\t\t\t\t\t\t\t\t<\/div>\n\t\t\t\t<div class=\"elementor-element elementor-element-68fb66a elementor-widget elementor-widget-heading\" data-id=\"68fb66a\" data-element_type=\"widget\" data-e-type=\"widget\" data-widget_type=\"heading.default\">\n\t\t\t\t\t<h2 class=\"elementor-heading-title elementor-size-default\">L\u2019empreinte \u00e9cologique par pays\n<\/h2>\t\t\t\t<\/div>\n\t\t\t\t\t<\/div>\n\t\t\t\t<\/div>\n\t\t<div class=\"elementor-element elementor-element-f4247df e-flex e-con-boxed e-con e-parent\" data-id=\"f4247df\" data-element_type=\"container\" data-e-type=\"container\">\n\t\t\t\t\t<div class=\"e-con-inner\">\n\t\t\t\t<div class=\"elementor-element elementor-element-fb42cc8 elementor-widget elementor-widget-text-editor\" data-id=\"fb42cc8\" data-element_type=\"widget\" data-e-type=\"widget\" data-widget_type=\"text-editor.default\">\n\t\t\t\t\t\t\t\t\t<p>L\u2019empreinte \u00e9cologique varie consid\u00e9rablement d\u2019un pays \u00e0 l\u2019autre en fonction de facteurs comme le niveau de d\u00e9veloppement, les modes de consommation et les politiques environnementales. Les pays avec les empreintes \u00e9cologiques les plus \u00e9lev\u00e9es par habitant sont les etats-unis (8.1 gha\/personne), l\u2019australie (9.3 gha\/personne) et le canada (8.6 gha\/personne). en comparaison, la chine (3.7 gha\/personne) et i\u2019Inde (1.2 gha\/personne) ont des empreintes plus modestes. Les pays europ\u00e9en ont des empreintes \u00e9cologiques moyennes, avec 7.44 gha\/personne pour la belgique ou 5.14 gha\/personne pour la france.<\/p>\t\t\t\t\t\t\t\t<\/div>\n\t\t\t\t<div class=\"elementor-element elementor-element-c213059 elementor-widget elementor-widget-image\" data-id=\"c213059\" data-element_type=\"widget\" data-e-type=\"widget\" data-widget_type=\"image.default\">\n\t\t\t\t\t\t\t\t\t\t\t\t\t\t\t<img decoding=\"async\" width=\"866\" height=\"494\" src=\"https:\/\/d-carbonize.eu\/wp-content\/uploads\/2024\/06\/empreinte-ecologique-par-pays.webp\" class=\"attachment-full size-full wp-image-5771\" alt=\"empreinte \u00e9cologique par pays\" srcset=\"https:\/\/d-carbonize.eu\/wp-content\/uploads\/2024\/06\/empreinte-ecologique-par-pays.webp 866w, https:\/\/d-carbonize.eu\/wp-content\/uploads\/2024\/06\/empreinte-ecologique-par-pays-300x171.webp 300w, https:\/\/d-carbonize.eu\/wp-content\/uploads\/2024\/06\/empreinte-ecologique-par-pays-768x438.webp 768w\" sizes=\"(max-width: 866px) 100vw, 866px\" \/>\t\t\t\t\t\t\t\t\t\t\t\t\t\t\t<\/div>\n\t\t\t\t<div class=\"elementor-element elementor-element-25826d2 elementor-widget elementor-widget-heading\" data-id=\"25826d2\" data-element_type=\"widget\" data-e-type=\"widget\" data-widget_type=\"heading.default\">\n\t\t\t\t\t<h2 class=\"elementor-heading-title elementor-size-default\">Comment r\u00e9duire efficacement son empreinte \u00e9cologique ?\n<\/h2>\t\t\t\t<\/div>\n\t\t\t\t<div class=\"elementor-element elementor-element-636c7f5 elementor-widget elementor-widget-heading\" data-id=\"636c7f5\" data-element_type=\"widget\" data-e-type=\"widget\" data-widget_type=\"heading.default\">\n\t\t\t\t\t<h3 class=\"elementor-heading-title elementor-size-default\">Adopter une alimentation plus responsable\n<\/h3>\t\t\t\t<\/div>\n\t\t\t\t<div class=\"elementor-element elementor-element-3de8ef1 elementor-widget elementor-widget-text-editor\" data-id=\"3de8ef1\" data-element_type=\"widget\" data-e-type=\"widget\" data-widget_type=\"text-editor.default\">\n\t\t\t\t\t\t\t\t\t<p>L\u2019alimentation repr\u00e9sente une part importante de l\u2019empreinte \u00e9cologique, notamment \u00e0 cause de l\u2019\u00e9levage intensif, du transport des denr\u00e9es, ou encore du gaspillage alimentaire. Pour la r\u00e9duire, plusieurs pistes existent :<\/p><ul><li aria-level=\"1\">Privil\u00e9giez les produits locaux, de saison et issus de l\u2019agriculture biologique.<\/li><li aria-level=\"1\">R\u00e9duisez votre consommation de viande, en particulier de viande rouge, au profit des prot\u00e9ines v\u00e9g\u00e9tales (l\u00e9gumineuses, c\u00e9r\u00e9ales compl\u00e8tes\u2026).<\/li><li aria-level=\"1\">Limitez les produits ultra-transform\u00e9s et les aliments import\u00e9s par avion.<\/li><li aria-level=\"1\">Luttez contre le gaspillage alimentaire en planifiant vos repas, en conservant correctement vos aliments, et en cuisinant les restes.<\/li><\/ul>\t\t\t\t\t\t\t\t<\/div>\n\t\t\t\t<div class=\"elementor-element elementor-element-2174ba3 elementor-widget elementor-widget-heading\" data-id=\"2174ba3\" data-element_type=\"widget\" data-e-type=\"widget\" data-widget_type=\"heading.default\">\n\t\t\t\t\t<h3 class=\"elementor-heading-title elementor-size-default\">Optimiser sa consommation d\u2019\u00e9nergie\n<\/h3>\t\t\t\t<\/div>\n\t\t\t\t<div class=\"elementor-element elementor-element-d83a0db elementor-widget elementor-widget-text-editor\" data-id=\"d83a0db\" data-element_type=\"widget\" data-e-type=\"widget\" data-widget_type=\"text-editor.default\">\n\t\t\t\t\t\t\t\t\t<p>Le chauffage, la climatisation et l\u2019\u00e9lectricit\u00e9 repr\u00e9sentent une source majeure d\u2019\u00e9missions. Pour am\u00e9liorer son efficacit\u00e9 \u00e9nerg\u00e9tique et r\u00e9duire son empreinte \u00e9cologique, il est possible de :<\/p><ul><li aria-level=\"1\">Isoler correctement son logement (toiture, murs, fen\u00eatres\u2026).<\/li><li aria-level=\"1\">Choisir des \u00e9quipements \u00e9lectrom\u00e9nagers \u00e9conomes (classe a ou sup\u00e9rieure).\n\n<li>R\u00e9duire le chauffage de quelques degr\u00e9s et opter pour un thermostat programmable.<\/li><\/li><li aria-level=\"1\">\u00c9teindre les appareils en veille et privil\u00e9gier les LED pour l\u2019\u00e9clairage.<\/li><li aria-level=\"1\">Souscrire \u00e0 un fournisseur d\u2019\u00e9lectricit\u00e9 verte ou installer des panneaux solaires si cela est possible.<\/li><\/ul><p>Un logement bien con\u00e7u et optimis\u00e9 peut r\u00e9duire son empreinte r\u00e9sidentielle jusqu\u2019\u00e0 30 %.<\/p>\t\t\t\t\t\t\t\t<\/div>\n\t\t\t\t<div class=\"elementor-element elementor-element-e9c7d7d elementor-widget elementor-widget-heading\" data-id=\"e9c7d7d\" data-element_type=\"widget\" data-e-type=\"widget\" data-widget_type=\"heading.default\">\n\t\t\t\t\t<h3 class=\"elementor-heading-title elementor-size-default\">R\u00e9duire l\u2019impact de ses d\u00e9placements\n<\/h3>\t\t\t\t<\/div>\n\t\t\t\t<div class=\"elementor-element elementor-element-aa8b966 elementor-widget elementor-widget-text-editor\" data-id=\"aa8b966\" data-element_type=\"widget\" data-e-type=\"widget\" data-widget_type=\"text-editor.default\">\n\t\t\t\t\t\t\t\t\t<p>Le transport est souvent le poste le plus \u00e9metteur de l\u2019empreinte \u00e9cologique, en particulier pour les personnes qui prennent r\u00e9guli\u00e8rement la voiture ou l\u2019avion. Pour limiter son impact :<\/p><ul><li aria-level=\"1\">Privil\u00e9giez les mobilit\u00e9s douces : marche, v\u00e9lo, trottinette.<\/li><li aria-level=\"1\">Utilisez les transports en commun d\u00e8s que possible.<\/li><li aria-level=\"1\">Adoptez le covoiturage ou l\u2019autopartage pour vos trajets en voiture.<\/li><li aria-level=\"1\">\u00c9vitez les vols courts et les d\u00e9placements fr\u00e9quents en avion, en optant pour le train ou la visioconf\u00e9rence lorsque cela est possible.<\/li><\/ul>\t\t\t\t\t\t\t\t<\/div>\n\t\t\t\t<div class=\"elementor-element elementor-element-cb82673 elementor-widget elementor-widget-heading\" data-id=\"cb82673\" data-element_type=\"widget\" data-e-type=\"widget\" data-widget_type=\"heading.default\">\n\t\t\t\t\t<h3 class=\"elementor-heading-title elementor-size-default\">Consommer moins et mieux\n<\/h3>\t\t\t\t<\/div>\n\t\t\t\t<div class=\"elementor-element elementor-element-8edc621 elementor-widget elementor-widget-text-editor\" data-id=\"8edc621\" data-element_type=\"widget\" data-e-type=\"widget\" data-widget_type=\"text-editor.default\">\n\t\t\t\t\t\t\t\t\t<p>Les achats ont un impact cach\u00e9 important sur l\u2019empreinte \u00e9cologique. Celui-ci est li\u00e9 \u00e0 l\u2019extraction des ressources, \u00e0 la fabrication, au transport, et \u00e0 la fin de vie des produits. Pour all\u00e9ger cette composante, il est conseill\u00e9 de :<\/p><ul><li aria-level=\"1\">\u00c9viter les achats impulsifs et se questionner sur l\u2019utilit\u00e9 r\u00e9elle de chaque objet.<\/li><li aria-level=\"1\">Privil\u00e9gier les produits durables, r\u00e9parables et fabriqu\u00e9s localement.<\/li><li aria-level=\"1\">Acheter d\u2019occasion ou d\u2019\u00e9changer (v\u00eatements, meubles, \u00e9lectronique\u2026).<\/li><li aria-level=\"1\">R\u00e9parer plut\u00f4t que de jeter.<\/li><li aria-level=\"1\">Trier correctement les d\u00e9chets et de recycler ce qui peut l\u2019\u00eatre.<\/li><\/ul>\t\t\t\t\t\t\t\t<\/div>\n\t\t\t\t<div class=\"elementor-element elementor-element-cec91ff elementor-widget elementor-widget-heading\" data-id=\"cec91ff\" data-element_type=\"widget\" data-e-type=\"widget\" data-widget_type=\"heading.default\">\n\t\t\t\t\t<h2 class=\"elementor-heading-title elementor-size-default\">Entreprises : pourquoi et comment calculer leur empreinte \u00e9cologique ?\n<\/h2>\t\t\t\t<\/div>\n\t\t\t\t<div class=\"elementor-element elementor-element-1576cfb elementor-widget elementor-widget-text-editor\" data-id=\"1576cfb\" data-element_type=\"widget\" data-e-type=\"widget\" data-widget_type=\"text-editor.default\">\n\t\t\t\t\t\t\t\t\t<p>La transition \u00e9cologique ne concerne pas uniquement les citoyens. les entreprises, quelle que soit leur taille ou leur secteur d\u2019activit\u00e9, ont un r\u00f4le essentiel \u00e0 jouer dans la r\u00e9duction de l\u2019empreinte \u00e9cologique globale. En \u00e9valuant pr\u00e9cis\u00e9ment leur impact environnemental, elles peuvent identifier des leviers d\u2019action concrets, anticiper les \u00e9volutions r\u00e9glementaires et renforcer leur responsabilit\u00e9 soci\u00e9tale.<\/p>\t\t\t\t\t\t\t\t<\/div>\n\t\t\t\t<div class=\"elementor-element elementor-element-96e56e8 elementor-widget elementor-widget-heading\" data-id=\"96e56e8\" data-element_type=\"widget\" data-e-type=\"widget\" data-widget_type=\"heading.default\">\n\t\t\t\t\t<h3 class=\"elementor-heading-title elementor-size-default\">Pourquoi une entreprise doit-elle mesurer son empreinte \u00e9cologique ?\n<\/h3>\t\t\t\t<\/div>\n\t\t\t\t<div class=\"elementor-element elementor-element-36cc080 elementor-widget elementor-widget-text-editor\" data-id=\"36cc080\" data-element_type=\"widget\" data-e-type=\"widget\" data-widget_type=\"text-editor.default\">\n\t\t\t\t\t\t\t\t\t<p>Le calcul de l\u2019empreinte \u00e9cologique permet aux entreprises d\u2019avoir une vision claire de la pression qu\u2019elles exercent sur les ressources naturelles. cette d\u00e9marche pr\u00e9sente plusieurs int\u00e9r\u00eats strat\u00e9giques :<\/p><ul><li aria-level=\"1\">R\u00e9duction des co\u00fbts : en identifiant les sources de gaspillage (\u00e9nergie, mati\u00e8res premi\u00e8res, transports\u2026), l\u2019entreprise peut optimiser ses ressources et am\u00e9liorer sa rentabilit\u00e9.<\/li><li aria-level=\"1\">Anticipation des r\u00e9glementations : les exigences l\u00e9gales se renforcent en mati\u00e8re de reporting extra-financier (CSRD, taxonomie verte, d\u00e9cret tertiaire\u2026). agir en amont permet aux organisations de s\u2019y pr\u00e9parer plus sereinement.<\/li><li aria-level=\"1\">Mobilisation des collaborateurs : impliquer les salari\u00e9s dans une strat\u00e9gie bas carbone renforce la coh\u00e9sion interne et donne du sens au travail collectif.<\/li><li aria-level=\"1\">Acc\u00e8s \u00e0 certains financements : certaines aides, subventions ou financements priv\u00e9s sont conditionn\u00e9s \u00e0 une d\u00e9marche environnementale s\u00e9rieuse et mesurable.<\/li><\/ul>\t\t\t\t\t\t\t\t<\/div>\n\t\t\t\t<div class=\"elementor-element elementor-element-5649783 elementor-widget elementor-widget-heading\" data-id=\"5649783\" data-element_type=\"widget\" data-e-type=\"widget\" data-widget_type=\"heading.default\">\n\t\t\t\t\t<h3 class=\"elementor-heading-title elementor-size-default\">Comment calculer l\u2019empreinte \u00e9cologique d\u2019une organisation ?\n<\/h3>\t\t\t\t<\/div>\n\t\t\t\t<div class=\"elementor-element elementor-element-db371e3 elementor-widget elementor-widget-text-editor\" data-id=\"db371e3\" data-element_type=\"widget\" data-e-type=\"widget\" data-widget_type=\"text-editor.default\">\n\t\t\t\t\t\t\t\t\t<p>Le calcul de l\u2019empreinte \u00e9cologique d\u2019une entreprise repose sur l\u2019analyse de plusieurs postes d\u2019\u00e9missions et de consommation :<\/p><ul><li aria-level=\"1\">Consommation \u00e9nerg\u00e9tique des b\u00e2timents et des \u00e9quipements.<\/li><li aria-level=\"1\">D\u00e9placements professionnels (v\u00e9hicules de flotte, trajets domicile-travail, d\u00e9placements a\u00e9riens).<\/li><li aria-level=\"1\">Achats de mati\u00e8res premi\u00e8res, de produits ou de services.<\/li><li aria-level=\"1\">Production de d\u00e9chets et gestion des eaux us\u00e9es.<\/li><li aria-level=\"1\">Utilisation du num\u00e9rique et stockage de donn\u00e9es.<\/li><\/ul><p>Pour mener cette analyse, les entreprises peuvent utiliser des outils sp\u00e9cialis\u00e9s comme <a href=\"https:\/\/d-carbonize.eu\/fr\/produit\/\">D-Carbonize<\/a>qui permettent :<\/p><ul><li aria-level=\"1\">De centraliser les donn\u00e9es environnementales,<\/li><li aria-level=\"1\">De calculer les \u00e9missions de GES (scope 1, 2 et 3),<\/li><li aria-level=\"1\">D\u2019identifier les postes les plus impactants,<\/li><li aria-level=\"1\">De construire une strat\u00e9gie de r\u00e9duction adapt\u00e9e \u00e0 leur activit\u00e9.<\/li><\/ul><p>Ces logiciels offrent une interface claire, des tableaux de bord sur-mesure et des recommandations personnalis\u00e9es, afin de transformer les r\u00e9sultats en actions concr\u00e8tes.<\/p><p>En mesurant leur empreinte \u00e9cologique, les entreprises passent d\u2019une prise de conscience \u00e0 une v\u00e9ritable d\u00e9marche d\u2019am\u00e9lioration continue.<\/p>\t\t\t\t\t\t\t\t<\/div>\n\t\t\t\t\t<\/div>\n\t\t\t\t<\/div>\n\t\t\t\t<\/div>","protected":false},"excerpt":{"rendered":"<p>Calculer son empreinte \u00e9cologique est essentiel pour comprendre et r\u00e9duire son impact sur l'environnement. Dans cet article, d\u00e9couvrez les diff\u00e9rentes \u00e9tapes et outils disponibles pour \u00e9valuer votre empreinte \u00e9cologique, afin de mettre en place des strat\u00e9gies efficaces pour minimiser votre impact sur la plan\u00e8te.<\/p>","protected":false},"author":1,"featured_media":5687,"comment_status":"closed","ping_status":"closed","sticky":false,"template":"","format":"standard","meta":{"_acf_changed":false,"footnotes":""},"categories":[34],"tags":[],"class_list":["post-5680","post","type-post","status-publish","format-standard","has-post-thumbnail","hentry","category-beginner"],"acf":[],"yoast_head":"<!-- This site is optimized with the Yoast SEO plugin v27.3 - https:\/\/yoast.com\/product\/yoast-seo-wordpress\/ -->\n<title>How to calculate your ecological footprint? - D-Carbonize<\/title>\n<meta name=\"description\" content=\"Learn how to calculate your ecological footprint to easily assess and reduce your environmental impact.\" \/>\n<meta name=\"robots\" content=\"index, follow, max-snippet:-1, max-image-preview:large, max-video-preview:-1\" \/>\n<link rel=\"canonical\" href=\"https:\/\/d-carbonize.eu\/fr\/calculs\/\" \/>\n<meta property=\"og:locale\" content=\"fr_FR\" \/>\n<meta property=\"og:type\" content=\"article\" \/>\n<meta property=\"og:title\" content=\"How to calculate your ecological footprint? - D-Carbonize\" \/>\n<meta property=\"og:description\" content=\"Learn how to calculate your ecological footprint to easily assess and reduce your environmental impact.\" \/>\n<meta property=\"og:url\" content=\"https:\/\/d-carbonize.eu\/fr\/calculs\/\" \/>\n<meta property=\"og:site_name\" content=\"D-Carbonize\" \/>\n<meta property=\"article:published_time\" content=\"2024-06-10T05:54:00+00:00\" \/>\n<meta property=\"article:modified_time\" content=\"2026-03-03T16:14:55+00:00\" \/>\n<meta property=\"og:image\" content=\"https:\/\/d-carbonize.eu\/wp-content\/uploads\/2025\/10\/comment-calculer-son-empreinte-ecologique-1024x683-1.webp\" \/>\n\t<meta property=\"og:image:width\" content=\"1024\" \/>\n\t<meta property=\"og:image:height\" content=\"683\" \/>\n\t<meta property=\"og:image:type\" content=\"image\/webp\" \/>\n<meta name=\"author\" content=\"Jaimish\" \/>\n<meta name=\"twitter:card\" content=\"summary_large_image\" \/>\n<meta name=\"twitter:label1\" content=\"\u00c9crit par\" \/>\n\t<meta name=\"twitter:data1\" content=\"Jaimish\" \/>\n\t<meta name=\"twitter:label2\" content=\"Dur\u00e9e de lecture estim\u00e9e\" \/>\n\t<meta name=\"twitter:data2\" content=\"9 minutes\" \/>\n<script type=\"application\/ld+json\" class=\"yoast-schema-graph\">{\"@context\":\"https:\\\/\\\/schema.org\",\"@graph\":[{\"@type\":\"Article\",\"@id\":\"https:\\\/\\\/d-carbonize.eu\\\/fr\\\/calculation\\\/#article\",\"isPartOf\":{\"@id\":\"https:\\\/\\\/d-carbonize.eu\\\/fr\\\/calculation\\\/\"},\"author\":{\"name\":\"Jaimish\",\"@id\":\"https:\\\/\\\/d-carbonize.eu\\\/fr\\\/#\\\/schema\\\/person\\\/b9dac9922f82f032a297605c6ab896cd\"},\"headline\":\"How to calculate your ecological footprint?\",\"datePublished\":\"2024-06-10T05:54:00+00:00\",\"dateModified\":\"2026-03-03T16:14:55+00:00\",\"mainEntityOfPage\":{\"@id\":\"https:\\\/\\\/d-carbonize.eu\\\/fr\\\/calculation\\\/\"},\"wordCount\":1839,\"publisher\":{\"@id\":\"https:\\\/\\\/d-carbonize.eu\\\/fr\\\/#organization\"},\"image\":{\"@id\":\"https:\\\/\\\/d-carbonize.eu\\\/fr\\\/calculation\\\/#primaryimage\"},\"thumbnailUrl\":\"https:\\\/\\\/d-carbonize.eu\\\/wp-content\\\/uploads\\\/2025\\\/10\\\/comment-calculer-son-empreinte-ecologique-1024x683-1.webp\",\"articleSection\":[\"Beginner\"],\"inLanguage\":\"fr-FR\"},{\"@type\":\"WebPage\",\"@id\":\"https:\\\/\\\/d-carbonize.eu\\\/fr\\\/calculation\\\/\",\"url\":\"https:\\\/\\\/d-carbonize.eu\\\/fr\\\/calculation\\\/\",\"name\":\"How to calculate your ecological footprint? - D-Carbonize\",\"isPartOf\":{\"@id\":\"https:\\\/\\\/d-carbonize.eu\\\/fr\\\/#website\"},\"primaryImageOfPage\":{\"@id\":\"https:\\\/\\\/d-carbonize.eu\\\/fr\\\/calculation\\\/#primaryimage\"},\"image\":{\"@id\":\"https:\\\/\\\/d-carbonize.eu\\\/fr\\\/calculation\\\/#primaryimage\"},\"thumbnailUrl\":\"https:\\\/\\\/d-carbonize.eu\\\/wp-content\\\/uploads\\\/2025\\\/10\\\/comment-calculer-son-empreinte-ecologique-1024x683-1.webp\",\"datePublished\":\"2024-06-10T05:54:00+00:00\",\"dateModified\":\"2026-03-03T16:14:55+00:00\",\"description\":\"Learn how to calculate your ecological footprint to easily assess and reduce your environmental impact.\",\"breadcrumb\":{\"@id\":\"https:\\\/\\\/d-carbonize.eu\\\/fr\\\/calculation\\\/#breadcrumb\"},\"inLanguage\":\"fr-FR\",\"potentialAction\":[{\"@type\":\"ReadAction\",\"target\":[\"https:\\\/\\\/d-carbonize.eu\\\/fr\\\/calculation\\\/\"]}]},{\"@type\":\"ImageObject\",\"inLanguage\":\"fr-FR\",\"@id\":\"https:\\\/\\\/d-carbonize.eu\\\/fr\\\/calculation\\\/#primaryimage\",\"url\":\"https:\\\/\\\/d-carbonize.eu\\\/wp-content\\\/uploads\\\/2025\\\/10\\\/comment-calculer-son-empreinte-ecologique-1024x683-1.webp\",\"contentUrl\":\"https:\\\/\\\/d-carbonize.eu\\\/wp-content\\\/uploads\\\/2025\\\/10\\\/comment-calculer-son-empreinte-ecologique-1024x683-1.webp\",\"width\":1024,\"height\":683,\"caption\":\"comment calculer empreinte ecologique\"},{\"@type\":\"BreadcrumbList\",\"@id\":\"https:\\\/\\\/d-carbonize.eu\\\/fr\\\/calculation\\\/#breadcrumb\",\"itemListElement\":[{\"@type\":\"ListItem\",\"position\":1,\"name\":\"Home\",\"item\":\"https:\\\/\\\/d-carbonize.eu\\\/\"},{\"@type\":\"ListItem\",\"position\":2,\"name\":\"How to calculate your ecological footprint?\"}]},{\"@type\":\"WebSite\",\"@id\":\"https:\\\/\\\/d-carbonize.eu\\\/fr\\\/#website\",\"url\":\"https:\\\/\\\/d-carbonize.eu\\\/fr\\\/\",\"name\":\"D-Carbonize\",\"description\":\"We Empower organisations to reduce their carbon footprint\",\"publisher\":{\"@id\":\"https:\\\/\\\/d-carbonize.eu\\\/fr\\\/#organization\"},\"potentialAction\":[{\"@type\":\"SearchAction\",\"target\":{\"@type\":\"EntryPoint\",\"urlTemplate\":\"https:\\\/\\\/d-carbonize.eu\\\/fr\\\/?s={search_term_string}\"},\"query-input\":{\"@type\":\"PropertyValueSpecification\",\"valueRequired\":true,\"valueName\":\"search_term_string\"}}],\"inLanguage\":\"fr-FR\"},{\"@type\":\"Organization\",\"@id\":\"https:\\\/\\\/d-carbonize.eu\\\/fr\\\/#organization\",\"name\":\"D-Carbonize\",\"url\":\"https:\\\/\\\/d-carbonize.eu\\\/fr\\\/\",\"logo\":{\"@type\":\"ImageObject\",\"inLanguage\":\"fr-FR\",\"@id\":\"https:\\\/\\\/d-carbonize.eu\\\/fr\\\/#\\\/schema\\\/logo\\\/image\\\/\",\"url\":\"https:\\\/\\\/d-carbonize.eu\\\/wp-content\\\/uploads\\\/2025\\\/09\\\/Figure-\u2192-d-carbo_vertical.svg\",\"contentUrl\":\"https:\\\/\\\/d-carbonize.eu\\\/wp-content\\\/uploads\\\/2025\\\/09\\\/Figure-\u2192-d-carbo_vertical.svg\",\"width\":196,\"height\":25,\"caption\":\"D-Carbonize\"},\"image\":{\"@id\":\"https:\\\/\\\/d-carbonize.eu\\\/fr\\\/#\\\/schema\\\/logo\\\/image\\\/\"}},{\"@type\":\"Person\",\"@id\":\"https:\\\/\\\/d-carbonize.eu\\\/fr\\\/#\\\/schema\\\/person\\\/b9dac9922f82f032a297605c6ab896cd\",\"name\":\"Jaimish\",\"image\":{\"@type\":\"ImageObject\",\"inLanguage\":\"fr-FR\",\"@id\":\"https:\\\/\\\/secure.gravatar.com\\\/avatar\\\/0d0bdf8fd205508c6d53e027742322739a80465e63346ff0e1e7b93ef700479c?s=96&d=mm&r=g\",\"url\":\"https:\\\/\\\/secure.gravatar.com\\\/avatar\\\/0d0bdf8fd205508c6d53e027742322739a80465e63346ff0e1e7b93ef700479c?s=96&d=mm&r=g\",\"contentUrl\":\"https:\\\/\\\/secure.gravatar.com\\\/avatar\\\/0d0bdf8fd205508c6d53e027742322739a80465e63346ff0e1e7b93ef700479c?s=96&d=mm&r=g\",\"caption\":\"Jaimish\"},\"sameAs\":[\"https:\\\/\\\/d-carbonize.eu\"],\"url\":\"https:\\\/\\\/d-carbonize.eu\\\/fr\\\/author\\\/jaimish\\\/\"}]}<\/script>\n<!-- \/ Yoast SEO plugin. -->","yoast_head_json":{"title":"Comment calculer son empreinte \u00e9cologique en 2025? | D-Carbonize","description":"Le calcul de l\u2019empreinte \u00e9cologique permet de quantifier l'impact environnemental de nos modes de vie et d'identifier des pistes d'am\u00e9liorations.","robots":{"index":"index","follow":"follow","max-snippet":"max-snippet:-1","max-image-preview":"max-image-preview:large","max-video-preview":"max-video-preview:-1"},"canonical":"https:\/\/d-carbonize.eu\/fr\/calculs\/","og_locale":"fr_FR","og_type":"article","og_title":"How to calculate your ecological footprint? - D-Carbonize","og_description":"Learn how to calculate your ecological footprint to easily assess and reduce your environmental impact.","og_url":"https:\/\/d-carbonize.eu\/fr\/calculs\/","og_site_name":"D-Carbonize","article_published_time":"2024-06-10T05:54:00+00:00","article_modified_time":"2026-03-03T16:14:55+00:00","og_image":[{"width":1024,"height":683,"url":"https:\/\/d-carbonize.eu\/wp-content\/uploads\/2025\/10\/comment-calculer-son-empreinte-ecologique-1024x683-1.webp","type":"image\/webp"}],"author":"Jaimish","twitter_card":"summary_large_image","twitter_misc":{"\u00c9crit par":"Jaimish","Dur\u00e9e de lecture estim\u00e9e":"9 minutes"},"schema":{"@context":"https:\/\/schema.org","@graph":[{"@type":"Article","@id":"https:\/\/d-carbonize.eu\/fr\/calculation\/#article","isPartOf":{"@id":"https:\/\/d-carbonize.eu\/fr\/calculation\/"},"author":{"name":"Jaimish","@id":"https:\/\/d-carbonize.eu\/fr\/#\/schema\/person\/b9dac9922f82f032a297605c6ab896cd"},"headline":"How to calculate your ecological footprint?","datePublished":"2024-06-10T05:54:00+00:00","dateModified":"2026-03-03T16:14:55+00:00","mainEntityOfPage":{"@id":"https:\/\/d-carbonize.eu\/fr\/calculation\/"},"wordCount":1839,"publisher":{"@id":"https:\/\/d-carbonize.eu\/fr\/#organization"},"image":{"@id":"https:\/\/d-carbonize.eu\/fr\/calculation\/#primaryimage"},"thumbnailUrl":"https:\/\/d-carbonize.eu\/wp-content\/uploads\/2025\/10\/comment-calculer-son-empreinte-ecologique-1024x683-1.webp","articleSection":["Beginner"],"inLanguage":"fr-FR"},{"@type":"WebPage","@id":"https:\/\/d-carbonize.eu\/fr\/calculation\/","url":"https:\/\/d-carbonize.eu\/fr\/calculation\/","name":"Comment calculer son empreinte \u00e9cologique en 2025? | D-Carbonize","isPartOf":{"@id":"https:\/\/d-carbonize.eu\/fr\/#website"},"primaryImageOfPage":{"@id":"https:\/\/d-carbonize.eu\/fr\/calculation\/#primaryimage"},"image":{"@id":"https:\/\/d-carbonize.eu\/fr\/calculation\/#primaryimage"},"thumbnailUrl":"https:\/\/d-carbonize.eu\/wp-content\/uploads\/2025\/10\/comment-calculer-son-empreinte-ecologique-1024x683-1.webp","datePublished":"2024-06-10T05:54:00+00:00","dateModified":"2026-03-03T16:14:55+00:00","description":"Le calcul de l\u2019empreinte \u00e9cologique permet de quantifier l'impact environnemental de nos modes de vie et d'identifier des pistes d'am\u00e9liorations.","breadcrumb":{"@id":"https:\/\/d-carbonize.eu\/fr\/calculation\/#breadcrumb"},"inLanguage":"fr-FR","potentialAction":[{"@type":"ReadAction","target":["https:\/\/d-carbonize.eu\/fr\/calculation\/"]}]},{"@type":"ImageObject","inLanguage":"fr-FR","@id":"https:\/\/d-carbonize.eu\/fr\/calculation\/#primaryimage","url":"https:\/\/d-carbonize.eu\/wp-content\/uploads\/2025\/10\/comment-calculer-son-empreinte-ecologique-1024x683-1.webp","contentUrl":"https:\/\/d-carbonize.eu\/wp-content\/uploads\/2025\/10\/comment-calculer-son-empreinte-ecologique-1024x683-1.webp","width":1024,"height":683,"caption":"comment calculer empreinte ecologique"},{"@type":"BreadcrumbList","@id":"https:\/\/d-carbonize.eu\/fr\/calculation\/#breadcrumb","itemListElement":[{"@type":"ListItem","position":1,"name":"Home","item":"https:\/\/d-carbonize.eu\/"},{"@type":"ListItem","position":2,"name":"How to calculate your ecological footprint?"}]},{"@type":"WebSite","@id":"https:\/\/d-carbonize.eu\/fr\/#website","url":"https:\/\/d-carbonize.eu\/fr\/","name":"D-Carbonize","description":"Nous donnons aux organisations les moyens de r\u00e9duire leur empreinte carbone","publisher":{"@id":"https:\/\/d-carbonize.eu\/fr\/#organization"},"potentialAction":[{"@type":"SearchAction","target":{"@type":"EntryPoint","urlTemplate":"https:\/\/d-carbonize.eu\/fr\/?s={search_term_string}"},"query-input":{"@type":"PropertyValueSpecification","valueRequired":true,"valueName":"search_term_string"}}],"inLanguage":"fr-FR"},{"@type":"Organization","@id":"https:\/\/d-carbonize.eu\/fr\/#organization","name":"D-Carbonize","url":"https:\/\/d-carbonize.eu\/fr\/","logo":{"@type":"ImageObject","inLanguage":"fr-FR","@id":"https:\/\/d-carbonize.eu\/fr\/#\/schema\/logo\/image\/","url":"https:\/\/d-carbonize.eu\/wp-content\/uploads\/2025\/09\/Figure-\u2192-d-carbo_vertical.svg","contentUrl":"https:\/\/d-carbonize.eu\/wp-content\/uploads\/2025\/09\/Figure-\u2192-d-carbo_vertical.svg","width":196,"height":25,"caption":"D-Carbonize"},"image":{"@id":"https:\/\/d-carbonize.eu\/fr\/#\/schema\/logo\/image\/"}},{"@type":"Person","@id":"https:\/\/d-carbonize.eu\/fr\/#\/schema\/person\/b9dac9922f82f032a297605c6ab896cd","name":"Jaimish","image":{"@type":"ImageObject","inLanguage":"fr-FR","@id":"https:\/\/secure.gravatar.com\/avatar\/0d0bdf8fd205508c6d53e027742322739a80465e63346ff0e1e7b93ef700479c?s=96&d=mm&r=g","url":"https:\/\/secure.gravatar.com\/avatar\/0d0bdf8fd205508c6d53e027742322739a80465e63346ff0e1e7b93ef700479c?s=96&d=mm&r=g","contentUrl":"https:\/\/secure.gravatar.com\/avatar\/0d0bdf8fd205508c6d53e027742322739a80465e63346ff0e1e7b93ef700479c?s=96&d=mm&r=g","caption":"Jaimish"},"sameAs":["https:\/\/d-carbonize.eu"],"url":"https:\/\/d-carbonize.eu\/fr\/author\/jaimish\/"}]}},"_links":{"self":[{"href":"https:\/\/d-carbonize.eu\/fr\/wp-json\/wp\/v2\/posts\/5680","targetHints":{"allow":["GET"]}}],"collection":[{"href":"https:\/\/d-carbonize.eu\/fr\/wp-json\/wp\/v2\/posts"}],"about":[{"href":"https:\/\/d-carbonize.eu\/fr\/wp-json\/wp\/v2\/types\/post"}],"author":[{"embeddable":true,"href":"https:\/\/d-carbonize.eu\/fr\/wp-json\/wp\/v2\/users\/1"}],"replies":[{"embeddable":true,"href":"https:\/\/d-carbonize.eu\/fr\/wp-json\/wp\/v2\/comments?post=5680"}],"version-history":[{"count":32,"href":"https:\/\/d-carbonize.eu\/fr\/wp-json\/wp\/v2\/posts\/5680\/revisions"}],"predecessor-version":[{"id":15546,"href":"https:\/\/d-carbonize.eu\/fr\/wp-json\/wp\/v2\/posts\/5680\/revisions\/15546"}],"wp:featuredmedia":[{"embeddable":true,"href":"https:\/\/d-carbonize.eu\/fr\/wp-json\/wp\/v2\/media\/5687"}],"wp:attachment":[{"href":"https:\/\/d-carbonize.eu\/fr\/wp-json\/wp\/v2\/media?parent=5680"}],"wp:term":[{"taxonomy":"category","embeddable":true,"href":"https:\/\/d-carbonize.eu\/fr\/wp-json\/wp\/v2\/categories?post=5680"},{"taxonomy":"post_tag","embeddable":true,"href":"https:\/\/d-carbonize.eu\/fr\/wp-json\/wp\/v2\/tags?post=5680"}],"curies":[{"name":"wp","href":"https:\/\/api.w.org\/{rel}","templated":true}]}}