{"id":5798,"date":"2024-10-18T06:23:00","date_gmt":"2024-10-18T06:23:00","guid":{"rendered":"https:\/\/d-carbonize.eu\/?p=5798"},"modified":"2026-02-23T10:05:48","modified_gmt":"2026-02-23T10:05:48","slug":"emissions-ges-france","status":"publish","type":"post","link":"https:\/\/d-carbonize.eu\/fr\/frances-ghg-emissions\/","title":{"rendered":"Les \u00e9missions de GES de la france"},"content":{"rendered":"<div id=\"bsf_rt_marker\"><\/div>\t\t<div data-elementor-type=\"wp-post\" data-elementor-id=\"5798\" class=\"elementor elementor-5798\" data-elementor-post-type=\"post\">\n\t\t\t\t<div class=\"elementor-element elementor-element-a8c0a35 e-con-full e-flex e-con e-parent\" data-id=\"a8c0a35\" data-element_type=\"container\" data-e-type=\"container\">\n\t\t\t\t<div class=\"elementor-element elementor-element-1e9a746 elementor-widget__width-inherit elementor-widget elementor-widget-image\" data-id=\"1e9a746\" data-element_type=\"widget\" data-e-type=\"widget\" data-widget_type=\"image.default\">\n\t\t\t\t\t\t\t\t\t\t\t\t\t\t\t<img fetchpriority=\"high\" decoding=\"async\" width=\"1024\" height=\"682\" src=\"https:\/\/d-carbonize.eu\/wp-content\/uploads\/2025\/10\/Les-emissions-de-GES-de-la-France-1024x682.jpg.webp\" class=\"attachment-full size-full wp-image-5800\" alt=\"emissions france\" srcset=\"https:\/\/d-carbonize.eu\/wp-content\/uploads\/2025\/10\/Les-emissions-de-GES-de-la-France-1024x682.jpg.webp 1024w, https:\/\/d-carbonize.eu\/wp-content\/uploads\/2025\/10\/Les-emissions-de-GES-de-la-France-1024x682.jpg-300x200.webp 300w, https:\/\/d-carbonize.eu\/wp-content\/uploads\/2025\/10\/Les-emissions-de-GES-de-la-France-1024x682.jpg-768x512.webp 768w\" sizes=\"(max-width: 1024px) 100vw, 1024px\" \/>\t\t\t\t\t\t\t\t\t\t\t\t\t\t\t<\/div>\n\t\t<div class=\"elementor-element elementor-element-f1914af e-con-full e-flex e-con e-child\" data-id=\"f1914af\" data-element_type=\"container\" data-e-type=\"container\">\n\t\t\t\t<div class=\"elementor-element elementor-element-5d07e16 elementor-widget elementor-widget-heading\" data-id=\"5d07e16\" data-element_type=\"widget\" data-e-type=\"widget\" data-widget_type=\"heading.default\">\n\t\t\t\t\t<h2 class=\"elementor-heading-title elementor-size-default\">Quelles sont les \u00e9missions de GES en france ?\n<\/h2>\t\t\t\t<\/div>\n\t\t\t\t<div class=\"elementor-element elementor-element-b739753 elementor-widget elementor-widget-text-editor\" data-id=\"b739753\" data-element_type=\"widget\" data-e-type=\"widget\" data-widget_type=\"text-editor.default\">\n\t\t\t\t\t\t\t\t\t<p>Les gaz \u00e0 effet de serre (ges) incluent le dioxyde de carbone (co2), le m\u00e9thane (ch4) et le protoxyde d\u2019azote (n2o), qui retiennent la chaleur dans l\u2019atmosph\u00e8re, contribuant ainsi au r\u00e9chauffement climatique. Les \u00e9missions de ges sont mesur\u00e9es en tonnes \u00e9quivalent co2 (tco2e), une unit\u00e9 qui permet de quantifier l\u2019impact de chaque gaz par rapport au co2.<\/p><p>En 2021, les \u00e9missions de ges de la france \u00e9taient d\u2019environ 418 millions de tonnes \u00e9quivalent co2, marquant une baisse par rapport aux ann\u00e9es pr\u00e9c\u00e9dentes. Cette diminution s\u2019inscrit dans une tendance amorc\u00e9e depuis plusieurs ann\u00e9es, notamment gr\u00e2ce \u00e0 la d\u00e9carbonisation progressive de certains secteurs.<\/p><p>En comparaison avec 1990, les \u00e9missions de la france ont diminu\u00e9 d\u2019environ 20 %, mais des efforts suppl\u00e9mentaires sont encore n\u00e9cessaires pour respecter les engagements de l\u2019accord de paris. Le transport et l\u2019agriculture restent des secteurs o\u00f9 la r\u00e9duction des \u00e9missions pose encore des d\u00e9fis. Dans d\u2019autres domaines, comme l\u2019industrie ou la production \u00e9nerg\u00e9tique, d\u2019importants progr\u00e8s ont \u00e9t\u00e9 r\u00e9alis\u00e9s.<\/p>\t\t\t\t\t\t\t\t<\/div>\n\t\t\t\t<div class=\"elementor-element elementor-element-1cf7063 elementor-widget elementor-widget-heading\" data-id=\"1cf7063\" data-element_type=\"widget\" data-e-type=\"widget\" data-widget_type=\"heading.default\">\n\t\t\t\t\t<h2 class=\"elementor-heading-title elementor-size-default\">R\u00e9partition des \u00e9missions de GES par secteur en france<\/h2>\t\t\t\t<\/div>\n\t\t\t\t<div class=\"elementor-element elementor-element-a6fb17e elementor-widget elementor-widget-text-editor\" data-id=\"a6fb17e\" data-element_type=\"widget\" data-e-type=\"widget\" data-widget_type=\"text-editor.default\">\n\t\t\t\t\t\t\t\t\t<p>En france, les \u00e9missions de gaz \u00e0 effet de serre (ges) sont r\u00e9parties entre plusieurs secteurs \u00e9conomiques. Le transport est le principal contributeur, repr\u00e9sentant environ 30 % des \u00e9missions nationales. Cela est d\u00fb \u00e0 la d\u00e9pendance aux carburants fossiles pour les v\u00e9hicules particuliers et le transport routier de marchandises.<\/p><p>Le secteur de l\u2019industrie est \u00e9galement un grand \u00e9metteur, avec environ 19 % des \u00e9missions. Les industries du ciment, de l\u2019acier et de la chimie sont parmi les plus polluantes, en raison de la combustion d\u2019\u00e9nergies fossiles et des processus industriels eux-m\u00eames.<\/p><p>L\u2019agriculture est responsable de 19 % des \u00e9missions, principalement via la production de m\u00e9thane (ch4) par les ruminants et de protoxyde d\u2019azote (n2o) issu des engrais et fertilisants. L\u2019\u00e9levage intensif et l\u2019utilisation de produits chimiques jouent \u00e9galement un r\u00f4le cl\u00e9 dans ces \u00e9missions.<\/p><p>Enfin, le b\u00e2timent et le r\u00e9sidentiel repr\u00e9sentent environ 16 % des \u00e9missions, en grande partie dues \u00e0 la consommation d\u2019\u00e9nergie pour le chauffage et la climatisation, avec une pr\u00e9dominance de l\u2019utilisation de gaz et de fioul.<\/p>\t\t\t\t\t\t\t\t<\/div>\n\t\t\t\t<div class=\"elementor-element elementor-element-5921337 elementor-widget elementor-widget-heading\" data-id=\"5921337\" data-element_type=\"widget\" data-e-type=\"widget\" data-widget_type=\"heading.default\">\n\t\t\t\t\t<h2 class=\"elementor-heading-title elementor-size-default\">Les sources d\u2019\u00e9nergie et leurs impacts sur les \u00e9missions de GES<\/h2>\t\t\t\t<\/div>\n\t\t\t\t<div class=\"elementor-element elementor-element-779ac8e elementor-widget elementor-widget-text-editor\" data-id=\"779ac8e\" data-element_type=\"widget\" data-e-type=\"widget\" data-widget_type=\"text-editor.default\">\n\t\t\t\t\t\t\t\t\t<p>La production d\u2019\u00e9lectricit\u00e9 en france repose sur plusieurs sources d\u2019\u00e9nergie, chacune ayant un impact sp\u00e9cifique sur les \u00e9missions de gaz \u00e0 effet de serre (GES). Le nucl\u00e9aire domine le mix \u00e9nerg\u00e9tique, repr\u00e9sentant environ 70 % de la production d\u2019\u00e9lectricit\u00e9. Ll g\u00e9n\u00e8re tr\u00e8s peu d\u2019\u00e9missions de co2, mais soul\u00e8ve des questions sur la gestion des d\u00e9chets radioactifs et les risques li\u00e9s aux centrales.<\/p><p>Les \u00e9nergies fossiles comme le charbon, le gaz et le p\u00e9trole, bien que moins utilis\u00e9es en france, sont encore pr\u00e9sentes, surtout dans certains secteurs industriels. Elles sont les principales responsables des \u00e9missions de co2, le charbon \u00e9tant particuli\u00e8rement polluant.<\/p><p>Les \u00e9nergies renouvelables (solaire, \u00e9olien, hydraulique) occupent une place de plus en plus importante dans le mix \u00e9nerg\u00e9tique, avec environ 20 % de la production d\u2019\u00e9lectricit\u00e9. Ces sources sont essentielles pour r\u00e9duire les \u00e9missions de ges, car elles n\u2019\u00e9mettent pas de co2 lors de la production d\u2019\u00e9nergie.<\/p><p>La france poursuit sa transition \u00e9nerg\u00e9tique avec des projets visant \u00e0 augmenter la part des \u00e9nergies renouvelables et \u00e0 r\u00e9duire la d\u00e9pendance aux \u00e9nergies fossiles. Les efforts pour am\u00e9liorer l\u2019efficacit\u00e9 \u00e9nerg\u00e9tique et \u00e9lectrifier certains secteurs, comme les transports, sont \u00e9galement cruciaux pour atteindre les objectifs climatiques nationaux.<\/p>\t\t\t\t\t\t\t\t<\/div>\n\t\t\t\t<div class=\"elementor-element elementor-element-959a3c3 elementor-widget elementor-widget-heading\" data-id=\"959a3c3\" data-element_type=\"widget\" data-e-type=\"widget\" data-widget_type=\"heading.default\">\n\t\t\t\t\t<h2 class=\"elementor-heading-title elementor-size-default\">Objectifs climatiques de la france\n<\/h2>\t\t\t\t<\/div>\n\t\t\t\t<div class=\"elementor-element elementor-element-e6422df elementor-widget elementor-widget-text-editor\" data-id=\"e6422df\" data-element_type=\"widget\" data-e-type=\"widget\" data-widget_type=\"text-editor.default\">\n\t\t\t\t\t\t\t\t\t<p>Dans le cadre de l\u2019 <a href=\"https:\/\/unfccc.int\/fr\/a-propos-des-ndcs\/l-accord-de-paris#:~:text=L'Accord%20de%20Paris%20est,vigueur%20le%204%20novembre%202016.\">Accord de Paris<\/a>, la france s\u2019est engag\u00e9e \u00e0 atteindre la neutralit\u00e9 carbone d\u2019ici 2050, un objectif ambitieux visant \u00e0 r\u00e9duire ses \u00e9missions de gaz \u00e0 effet de serre (ges) et \u00e0 \u00e9quilibrer les \u00e9missions r\u00e9siduelles par des actions de compensation, comme la reforestation.<\/p><p>Pour atteindre cet objectif, la france a mis en place plusieurs strat\u00e9gies, notamment le <a href=\"https:\/\/www.ecologie.gouv.fr\/politiques-publiques\/politiques-du-climat-lair-lenergie\"><a href=\"https:\/\/www.ecologie.gouv.fr\/politiques-publiques\/politiques-du-climat-lair-lenergie\"> plan climat<\/a><\/a> et la\u00a0<a href=\"\/fr\/strategie-nationale-bas-carbone\/\"><a href=\"\/fr\/strategie-nationale-bas-carbone\/\"> strat\u00e9gie nationale bas-carbone<\/a><\/a>(snbc), qui d\u00e9finissent des actions pour d\u00e9carboner l\u2019\u00e9conomie. La snbc fixe des objectifs pr\u00e9cis de r\u00e9duction des \u00e9missions pour diff\u00e9rents secteurs, comme l\u2019\u00e9nergie, le transport, l\u2019industrie et l\u2019agriculture.<\/p><p>Des objectifs interm\u00e9diaires ont \u00e9galement \u00e9t\u00e9 fix\u00e9s, avec des r\u00e9ductions de 40 % d\u2019ici 2030 par rapport aux niveaux de 1990. Ces objectifs permettent de suivre les progr\u00e8s et d\u2019adapter les politiques en fonction des r\u00e9sultats obtenus.<\/p><p>En parall\u00e8le, la france s\u2019adapte aux directives europ\u00e9ennes qui visent \u00e0 acc\u00e9l\u00e9rer la transition \u00e9nerg\u00e9tique, notamment via le <a href=\"https:\/\/commission.europa.eu\/strategy-and-policy\/priorities-2019-2024\/european-green-deal_fr\"><a href=\"https:\/\/commission.europa.eu\/strategy-and-policy\/priorities-2019-2024\/european-green-deal_fr\"> green deal europ\u00e9en<\/a><\/a>, en favorisant l\u2019efficacit\u00e9 \u00e9nerg\u00e9tique, le d\u00e9veloppement des \u00e9nergies renouvelables, et l\u2019\u00e9lectrification des secteurs strat\u00e9giques comme le transport. La coordination avec les objectifs europ\u00e9ens est cruciale pour garantir une transition harmonieuse et efficace \u00e0 l\u2019\u00e9chelle continentale.<\/p>\t\t\t\t\t\t\t\t<\/div>\n\t\t\t\t<\/div>\n\t\t\t\t<\/div>\n\t\t\t\t<\/div>","protected":false},"excerpt":{"rendered":"<p>Les \u00e9missions de GES en france ont diminu\u00e9 d'environ 20 % depuis 1990, mais le transport et l'agriculture posent encore des d\u00e9fis. Le pays s'appuie sur le nucl\u00e9aire et les \u00e9nergies renouvelables pour r\u00e9duire ses \u00e9missions, tout en poursuivant sa transition \u00e9nerg\u00e9tique. La france s'est engag\u00e9e \u00e0 atteindre la neutralit\u00e9 carbone d'ici 2050.<\/p>","protected":false},"author":1,"featured_media":5800,"comment_status":"closed","ping_status":"closed","sticky":false,"template":"","format":"standard","meta":{"_acf_changed":false,"footnotes":""},"categories":[1],"tags":[],"class_list":["post-5798","post","type-post","status-publish","format-standard","has-post-thumbnail","hentry","category-blog"],"acf":[],"yoast_head":"<!-- This site is optimized with the Yoast SEO plugin v27.3 - https:\/\/yoast.com\/product\/yoast-seo-wordpress\/ -->\n<title>GHG emissions in France | D-Carbonize<\/title>\n<meta name=\"description\" content=\"Discover the status of GHG emissions in France, their distribution by sector, energy sources and climate objectives for ...\" \/>\n<meta name=\"robots\" content=\"index, follow, max-snippet:-1, max-image-preview:large, max-video-preview:-1\" \/>\n<link rel=\"canonical\" href=\"https:\/\/d-carbonize.eu\/fr\/emissions-ges-france\/\" \/>\n<meta property=\"og:locale\" content=\"fr_FR\" \/>\n<meta property=\"og:type\" content=\"article\" \/>\n<meta property=\"og:title\" content=\"GHG emissions in France | D-Carbonize\" \/>\n<meta property=\"og:description\" content=\"Discover the status of GHG emissions in France, their distribution by sector, energy sources and climate objectives for ...\" \/>\n<meta property=\"og:url\" content=\"https:\/\/d-carbonize.eu\/fr\/emissions-ges-france\/\" \/>\n<meta property=\"og:site_name\" content=\"D-Carbonize\" \/>\n<meta property=\"article:published_time\" content=\"2024-10-18T06:23:00+00:00\" \/>\n<meta property=\"article:modified_time\" content=\"2026-02-23T10:05:48+00:00\" \/>\n<meta property=\"og:image\" content=\"https:\/\/d-carbonize.eu\/wp-content\/uploads\/2025\/10\/Les-emissions-de-GES-de-la-France-1024x682.jpg.webp\" \/>\n\t<meta property=\"og:image:width\" content=\"1024\" \/>\n\t<meta property=\"og:image:height\" content=\"682\" \/>\n\t<meta property=\"og:image:type\" content=\"image\/webp\" \/>\n<meta name=\"author\" content=\"Jaimish\" \/>\n<meta name=\"twitter:card\" content=\"summary_large_image\" \/>\n<meta name=\"twitter:label1\" content=\"\u00c9crit par\" \/>\n\t<meta name=\"twitter:data1\" content=\"Jaimish\" \/>\n\t<meta name=\"twitter:label2\" content=\"Dur\u00e9e de lecture estim\u00e9e\" \/>\n\t<meta name=\"twitter:data2\" content=\"3 minutes\" \/>\n<script type=\"application\/ld+json\" class=\"yoast-schema-graph\">{\"@context\":\"https:\\\/\\\/schema.org\",\"@graph\":[{\"@type\":\"Article\",\"@id\":\"https:\\\/\\\/d-carbonize.eu\\\/fr\\\/frances-ghg-emissions\\\/#article\",\"isPartOf\":{\"@id\":\"https:\\\/\\\/d-carbonize.eu\\\/fr\\\/frances-ghg-emissions\\\/\"},\"author\":{\"name\":\"Jaimish\",\"@id\":\"https:\\\/\\\/d-carbonize.eu\\\/fr\\\/#\\\/schema\\\/person\\\/b9dac9922f82f032a297605c6ab896cd\"},\"headline\":\"France\u2019s GHG emissions\",\"datePublished\":\"2024-10-18T06:23:00+00:00\",\"dateModified\":\"2026-02-23T10:05:48+00:00\",\"mainEntityOfPage\":{\"@id\":\"https:\\\/\\\/d-carbonize.eu\\\/fr\\\/frances-ghg-emissions\\\/\"},\"wordCount\":630,\"publisher\":{\"@id\":\"https:\\\/\\\/d-carbonize.eu\\\/fr\\\/#organization\"},\"image\":{\"@id\":\"https:\\\/\\\/d-carbonize.eu\\\/fr\\\/frances-ghg-emissions\\\/#primaryimage\"},\"thumbnailUrl\":\"https:\\\/\\\/d-carbonize.eu\\\/wp-content\\\/uploads\\\/2025\\\/10\\\/Les-emissions-de-GES-de-la-France-1024x682.jpg.webp\",\"articleSection\":[\"Blog\"],\"inLanguage\":\"fr-FR\"},{\"@type\":\"WebPage\",\"@id\":\"https:\\\/\\\/d-carbonize.eu\\\/fr\\\/frances-ghg-emissions\\\/\",\"url\":\"https:\\\/\\\/d-carbonize.eu\\\/fr\\\/frances-ghg-emissions\\\/\",\"name\":\"GHG emissions in France | D-Carbonize\",\"isPartOf\":{\"@id\":\"https:\\\/\\\/d-carbonize.eu\\\/fr\\\/#website\"},\"primaryImageOfPage\":{\"@id\":\"https:\\\/\\\/d-carbonize.eu\\\/fr\\\/frances-ghg-emissions\\\/#primaryimage\"},\"image\":{\"@id\":\"https:\\\/\\\/d-carbonize.eu\\\/fr\\\/frances-ghg-emissions\\\/#primaryimage\"},\"thumbnailUrl\":\"https:\\\/\\\/d-carbonize.eu\\\/wp-content\\\/uploads\\\/2025\\\/10\\\/Les-emissions-de-GES-de-la-France-1024x682.jpg.webp\",\"datePublished\":\"2024-10-18T06:23:00+00:00\",\"dateModified\":\"2026-02-23T10:05:48+00:00\",\"description\":\"Discover the status of GHG emissions in France, their distribution by sector, energy sources and climate objectives for ...\",\"breadcrumb\":{\"@id\":\"https:\\\/\\\/d-carbonize.eu\\\/fr\\\/frances-ghg-emissions\\\/#breadcrumb\"},\"inLanguage\":\"fr-FR\",\"potentialAction\":[{\"@type\":\"ReadAction\",\"target\":[\"https:\\\/\\\/d-carbonize.eu\\\/fr\\\/frances-ghg-emissions\\\/\"]}]},{\"@type\":\"ImageObject\",\"inLanguage\":\"fr-FR\",\"@id\":\"https:\\\/\\\/d-carbonize.eu\\\/fr\\\/frances-ghg-emissions\\\/#primaryimage\",\"url\":\"https:\\\/\\\/d-carbonize.eu\\\/wp-content\\\/uploads\\\/2025\\\/10\\\/Les-emissions-de-GES-de-la-France-1024x682.jpg.webp\",\"contentUrl\":\"https:\\\/\\\/d-carbonize.eu\\\/wp-content\\\/uploads\\\/2025\\\/10\\\/Les-emissions-de-GES-de-la-France-1024x682.jpg.webp\",\"width\":1024,\"height\":682,\"caption\":\"emissions france\"},{\"@type\":\"BreadcrumbList\",\"@id\":\"https:\\\/\\\/d-carbonize.eu\\\/fr\\\/frances-ghg-emissions\\\/#breadcrumb\",\"itemListElement\":[{\"@type\":\"ListItem\",\"position\":1,\"name\":\"Home\",\"item\":\"https:\\\/\\\/d-carbonize.eu\\\/\"},{\"@type\":\"ListItem\",\"position\":2,\"name\":\"France\u2019s GHG emissions\"}]},{\"@type\":\"WebSite\",\"@id\":\"https:\\\/\\\/d-carbonize.eu\\\/fr\\\/#website\",\"url\":\"https:\\\/\\\/d-carbonize.eu\\\/fr\\\/\",\"name\":\"D-Carbonize\",\"description\":\"We Empower organisations to reduce their carbon footprint\",\"publisher\":{\"@id\":\"https:\\\/\\\/d-carbonize.eu\\\/fr\\\/#organization\"},\"potentialAction\":[{\"@type\":\"SearchAction\",\"target\":{\"@type\":\"EntryPoint\",\"urlTemplate\":\"https:\\\/\\\/d-carbonize.eu\\\/fr\\\/?s={search_term_string}\"},\"query-input\":{\"@type\":\"PropertyValueSpecification\",\"valueRequired\":true,\"valueName\":\"search_term_string\"}}],\"inLanguage\":\"fr-FR\"},{\"@type\":\"Organization\",\"@id\":\"https:\\\/\\\/d-carbonize.eu\\\/fr\\\/#organization\",\"name\":\"D-Carbonize\",\"url\":\"https:\\\/\\\/d-carbonize.eu\\\/fr\\\/\",\"logo\":{\"@type\":\"ImageObject\",\"inLanguage\":\"fr-FR\",\"@id\":\"https:\\\/\\\/d-carbonize.eu\\\/fr\\\/#\\\/schema\\\/logo\\\/image\\\/\",\"url\":\"https:\\\/\\\/d-carbonize.eu\\\/wp-content\\\/uploads\\\/2025\\\/09\\\/Figure-\u2192-d-carbo_vertical.svg\",\"contentUrl\":\"https:\\\/\\\/d-carbonize.eu\\\/wp-content\\\/uploads\\\/2025\\\/09\\\/Figure-\u2192-d-carbo_vertical.svg\",\"width\":196,\"height\":25,\"caption\":\"D-Carbonize\"},\"image\":{\"@id\":\"https:\\\/\\\/d-carbonize.eu\\\/fr\\\/#\\\/schema\\\/logo\\\/image\\\/\"}},{\"@type\":\"Person\",\"@id\":\"https:\\\/\\\/d-carbonize.eu\\\/fr\\\/#\\\/schema\\\/person\\\/b9dac9922f82f032a297605c6ab896cd\",\"name\":\"Jaimish\",\"image\":{\"@type\":\"ImageObject\",\"inLanguage\":\"fr-FR\",\"@id\":\"https:\\\/\\\/secure.gravatar.com\\\/avatar\\\/0d0bdf8fd205508c6d53e027742322739a80465e63346ff0e1e7b93ef700479c?s=96&d=mm&r=g\",\"url\":\"https:\\\/\\\/secure.gravatar.com\\\/avatar\\\/0d0bdf8fd205508c6d53e027742322739a80465e63346ff0e1e7b93ef700479c?s=96&d=mm&r=g\",\"contentUrl\":\"https:\\\/\\\/secure.gravatar.com\\\/avatar\\\/0d0bdf8fd205508c6d53e027742322739a80465e63346ff0e1e7b93ef700479c?s=96&d=mm&r=g\",\"caption\":\"Jaimish\"},\"sameAs\":[\"https:\\\/\\\/d-carbonize.eu\"],\"url\":\"https:\\\/\\\/d-carbonize.eu\\\/fr\\\/author\\\/jaimish\\\/\"}]}<\/script>\n<!-- \/ Yoast SEO plugin. -->","yoast_head_json":{"title":"Les \u00e9missions de GES en france | D-Carbonize","description":"D\u00e9couvrez l'\u00e9tat des \u00e9missions de GES en france, leur r\u00e9partition par secteur, les sources d'\u00e9nergie et les objectifs climatiques pour ...","robots":{"index":"index","follow":"follow","max-snippet":"max-snippet:-1","max-image-preview":"max-image-preview:large","max-video-preview":"max-video-preview:-1"},"canonical":"https:\/\/d-carbonize.eu\/fr\/emissions-ges-france\/","og_locale":"fr_FR","og_type":"article","og_title":"GHG emissions in France | D-Carbonize","og_description":"Discover the status of GHG emissions in France, their distribution by sector, energy sources and climate objectives for ...","og_url":"https:\/\/d-carbonize.eu\/fr\/emissions-ges-france\/","og_site_name":"D-Carbonize","article_published_time":"2024-10-18T06:23:00+00:00","article_modified_time":"2026-02-23T10:05:48+00:00","og_image":[{"width":1024,"height":682,"url":"https:\/\/d-carbonize.eu\/wp-content\/uploads\/2025\/10\/Les-emissions-de-GES-de-la-France-1024x682.jpg.webp","type":"image\/webp"}],"author":"Jaimish","twitter_card":"summary_large_image","twitter_misc":{"\u00c9crit par":"Jaimish","Dur\u00e9e de lecture estim\u00e9e":"3 minutes"},"schema":{"@context":"https:\/\/schema.org","@graph":[{"@type":"Article","@id":"https:\/\/d-carbonize.eu\/fr\/frances-ghg-emissions\/#article","isPartOf":{"@id":"https:\/\/d-carbonize.eu\/fr\/frances-ghg-emissions\/"},"author":{"name":"Jaimish","@id":"https:\/\/d-carbonize.eu\/fr\/#\/schema\/person\/b9dac9922f82f032a297605c6ab896cd"},"headline":"France\u2019s GHG emissions","datePublished":"2024-10-18T06:23:00+00:00","dateModified":"2026-02-23T10:05:48+00:00","mainEntityOfPage":{"@id":"https:\/\/d-carbonize.eu\/fr\/frances-ghg-emissions\/"},"wordCount":630,"publisher":{"@id":"https:\/\/d-carbonize.eu\/fr\/#organization"},"image":{"@id":"https:\/\/d-carbonize.eu\/fr\/frances-ghg-emissions\/#primaryimage"},"thumbnailUrl":"https:\/\/d-carbonize.eu\/wp-content\/uploads\/2025\/10\/Les-emissions-de-GES-de-la-France-1024x682.jpg.webp","articleSection":["Blog"],"inLanguage":"fr-FR"},{"@type":"WebPage","@id":"https:\/\/d-carbonize.eu\/fr\/frances-ghg-emissions\/","url":"https:\/\/d-carbonize.eu\/fr\/frances-ghg-emissions\/","name":"Les \u00e9missions de GES en france | D-Carbonize","isPartOf":{"@id":"https:\/\/d-carbonize.eu\/fr\/#website"},"primaryImageOfPage":{"@id":"https:\/\/d-carbonize.eu\/fr\/frances-ghg-emissions\/#primaryimage"},"image":{"@id":"https:\/\/d-carbonize.eu\/fr\/frances-ghg-emissions\/#primaryimage"},"thumbnailUrl":"https:\/\/d-carbonize.eu\/wp-content\/uploads\/2025\/10\/Les-emissions-de-GES-de-la-France-1024x682.jpg.webp","datePublished":"2024-10-18T06:23:00+00:00","dateModified":"2026-02-23T10:05:48+00:00","description":"D\u00e9couvrez l'\u00e9tat des \u00e9missions de GES en france, leur r\u00e9partition par secteur, les sources d'\u00e9nergie et les objectifs climatiques pour ...","breadcrumb":{"@id":"https:\/\/d-carbonize.eu\/fr\/frances-ghg-emissions\/#breadcrumb"},"inLanguage":"fr-FR","potentialAction":[{"@type":"ReadAction","target":["https:\/\/d-carbonize.eu\/fr\/frances-ghg-emissions\/"]}]},{"@type":"ImageObject","inLanguage":"fr-FR","@id":"https:\/\/d-carbonize.eu\/fr\/frances-ghg-emissions\/#primaryimage","url":"https:\/\/d-carbonize.eu\/wp-content\/uploads\/2025\/10\/Les-emissions-de-GES-de-la-France-1024x682.jpg.webp","contentUrl":"https:\/\/d-carbonize.eu\/wp-content\/uploads\/2025\/10\/Les-emissions-de-GES-de-la-France-1024x682.jpg.webp","width":1024,"height":682,"caption":"emissions france"},{"@type":"BreadcrumbList","@id":"https:\/\/d-carbonize.eu\/fr\/frances-ghg-emissions\/#breadcrumb","itemListElement":[{"@type":"ListItem","position":1,"name":"Home","item":"https:\/\/d-carbonize.eu\/"},{"@type":"ListItem","position":2,"name":"France\u2019s GHG emissions"}]},{"@type":"WebSite","@id":"https:\/\/d-carbonize.eu\/fr\/#website","url":"https:\/\/d-carbonize.eu\/fr\/","name":"D-Carbonize","description":"Nous donnons aux organisations les moyens de r\u00e9duire leur empreinte carbone","publisher":{"@id":"https:\/\/d-carbonize.eu\/fr\/#organization"},"potentialAction":[{"@type":"SearchAction","target":{"@type":"EntryPoint","urlTemplate":"https:\/\/d-carbonize.eu\/fr\/?s={search_term_string}"},"query-input":{"@type":"PropertyValueSpecification","valueRequired":true,"valueName":"search_term_string"}}],"inLanguage":"fr-FR"},{"@type":"Organization","@id":"https:\/\/d-carbonize.eu\/fr\/#organization","name":"D-Carbonize","url":"https:\/\/d-carbonize.eu\/fr\/","logo":{"@type":"ImageObject","inLanguage":"fr-FR","@id":"https:\/\/d-carbonize.eu\/fr\/#\/schema\/logo\/image\/","url":"https:\/\/d-carbonize.eu\/wp-content\/uploads\/2025\/09\/Figure-\u2192-d-carbo_vertical.svg","contentUrl":"https:\/\/d-carbonize.eu\/wp-content\/uploads\/2025\/09\/Figure-\u2192-d-carbo_vertical.svg","width":196,"height":25,"caption":"D-Carbonize"},"image":{"@id":"https:\/\/d-carbonize.eu\/fr\/#\/schema\/logo\/image\/"}},{"@type":"Person","@id":"https:\/\/d-carbonize.eu\/fr\/#\/schema\/person\/b9dac9922f82f032a297605c6ab896cd","name":"Jaimish","image":{"@type":"ImageObject","inLanguage":"fr-FR","@id":"https:\/\/secure.gravatar.com\/avatar\/0d0bdf8fd205508c6d53e027742322739a80465e63346ff0e1e7b93ef700479c?s=96&d=mm&r=g","url":"https:\/\/secure.gravatar.com\/avatar\/0d0bdf8fd205508c6d53e027742322739a80465e63346ff0e1e7b93ef700479c?s=96&d=mm&r=g","contentUrl":"https:\/\/secure.gravatar.com\/avatar\/0d0bdf8fd205508c6d53e027742322739a80465e63346ff0e1e7b93ef700479c?s=96&d=mm&r=g","caption":"Jaimish"},"sameAs":["https:\/\/d-carbonize.eu"],"url":"https:\/\/d-carbonize.eu\/fr\/author\/jaimish\/"}]}},"_links":{"self":[{"href":"https:\/\/d-carbonize.eu\/fr\/wp-json\/wp\/v2\/posts\/5798","targetHints":{"allow":["GET"]}}],"collection":[{"href":"https:\/\/d-carbonize.eu\/fr\/wp-json\/wp\/v2\/posts"}],"about":[{"href":"https:\/\/d-carbonize.eu\/fr\/wp-json\/wp\/v2\/types\/post"}],"author":[{"embeddable":true,"href":"https:\/\/d-carbonize.eu\/fr\/wp-json\/wp\/v2\/users\/1"}],"replies":[{"embeddable":true,"href":"https:\/\/d-carbonize.eu\/fr\/wp-json\/wp\/v2\/comments?post=5798"}],"version-history":[{"count":20,"href":"https:\/\/d-carbonize.eu\/fr\/wp-json\/wp\/v2\/posts\/5798\/revisions"}],"predecessor-version":[{"id":15083,"href":"https:\/\/d-carbonize.eu\/fr\/wp-json\/wp\/v2\/posts\/5798\/revisions\/15083"}],"wp:featuredmedia":[{"embeddable":true,"href":"https:\/\/d-carbonize.eu\/fr\/wp-json\/wp\/v2\/media\/5800"}],"wp:attachment":[{"href":"https:\/\/d-carbonize.eu\/fr\/wp-json\/wp\/v2\/media?parent=5798"}],"wp:term":[{"taxonomy":"category","embeddable":true,"href":"https:\/\/d-carbonize.eu\/fr\/wp-json\/wp\/v2\/categories?post=5798"},{"taxonomy":"post_tag","embeddable":true,"href":"https:\/\/d-carbonize.eu\/fr\/wp-json\/wp\/v2\/tags?post=5798"}],"curies":[{"name":"wp","href":"https:\/\/api.w.org\/{rel}","templated":true}]}}